{"id":62224,"date":"2025-05-13T00:18:49","date_gmt":"2025-05-13T00:18:49","guid":{"rendered":"https:\/\/lahora.mx\/?p=62224"},"modified":"2025-05-13T00:18:49","modified_gmt":"2025-05-13T00:18:49","slug":"a-la-baja-incidencia-delictiva-en-el-estado-de-puebla-disminuyen-14-delitos-de-impacto-social","status":"publish","type":"post","link":"https:\/\/lahora.mx\/index.php\/2025\/05\/13\/a-la-baja-incidencia-delictiva-en-el-estado-de-puebla-disminuyen-14-delitos-de-impacto-social\/","title":{"rendered":"A la baja incidencia delictiva en el estado de Puebla; disminuyen 14 delitos de impacto social"},"content":{"rendered":"\n<p>Como resultado de la estrecha coordinaci\u00f3n entre las Secretar\u00edas de la Defensa Nacional (SEDENA), de Marina (SEMAR), Guardia Nacional (GN), la Secretar\u00eda de Seguridad P\u00fablica del Estado (SSP), la Fiscal\u00eda General del Estado (FGE) y autoridades municipales, as\u00ed como de la estrategia integral de seguridad, la incidencia delictiva en el estado de Puebla tuvo una disminuci\u00f3n en 14 delitos de impacto social, inform\u00f3 la Fiscal General del Estado de Puebla, Idamis Pastor Betancourt.<\/p>\n\n\n\n<p>Pastor Betancourt precis\u00f3 que esta informaci\u00f3n est\u00e1 basada en las estad\u00edsticas de la Fiscal\u00eda General del Estado, registradas en el primer cuatrimestre de 2025, en relaci\u00f3n con el primer cuatrimestre de 2024, trat\u00e1ndose del feminicidio, homicidio doloso, robo a casa habitaci\u00f3n, de veh\u00edculo con violencia, a transportistas, a transe\u00fantes, a negocios, a instituciones bancarias, fraude y trata de personas, entre otros.<\/p>\n\n\n\n<p>Destac\u00f3 que, a partir de la puesta en marcha de las Casas Carmen Serd\u00e1n Por Amor a Puebla, el delito de feminicidio ha tenido un comportamiento descendente. La comparativa refleja una disminuci\u00f3n del 30.7%, ya que de enero a abril de 2025 se reportaron 9 casos y de enero a abril de 2024, un total de 13.<\/p>\n\n\n\n<p>Agreg\u00f3 que el homicidio doloso tuvo una reducci\u00f3n del 3.6 %, toda vez que en el trimestre enero \u2013 abril de 2025 se registraron 265 casos, mientras que en el periodo de referencia de 2024 hubo 275; el robo a casa habitaci\u00f3n disminuy\u00f3 14.3%, al pasar de 650 denuncias en 2025 a 759 en 2024; el robo a casa habitaci\u00f3n con violencia baj\u00f3 6.9%, con 94 expedientes en 2025 contra 101 de 2024; el robo de veh\u00edculo con violencia tuvo una tendencia a la baja del 20.2%, al contabilizarse 873 casos en 2025 y 1095 en 2024.<\/p>\n\n\n\n<p>Dijo que el robo a transportistas aminor\u00f3 27.6%, al pasar de 577 reportes en 2025 a 797 en 2024; el robo a transportistas con violencia mostr\u00f3 una baja del 27.5%, puesto que en este a\u00f1o se han denunciado 555 il\u00edcitos de esta naturaleza, en comparaci\u00f3n con los 766 del a\u00f1o pasado; el robo a transe\u00fantes registr\u00f3 una baja de 9.1%, al abrirse 1317 expedientes en 2025 contra 1449 de 2024; el robo a transe\u00fantes con violencia baj\u00f3 8.1%, con 1071 denuncias en 2025 y 1166 en 2024.<\/p>\n\n\n\n<p>Abund\u00f3 que el robo a negocios disminuy\u00f3 12.1%, al registrarse 1113 casos en 2025 y 1267 en 2024; el robo a negocio con violencia tuvo un comportamiento descendente del 10.9%, ya que en 2025 hubo 662 asuntos y 743 en 2024 y el robo a instituciones bancarias mostr\u00f3 una baja del 66.6%, al presentarse un hecho en 2025 contra 3 en 2024.<\/p>\n\n\n\n<p>Finalmente, inform\u00f3 que el fraude disminuy\u00f3 0.1% al integrarse 1579 carpetas contra 1582 y la trata de personas tuvo una baja del 55.5%, debido a que en este a\u00f1o se denunciaron 8 hechos contra 18 del a\u00f1o pasado.<\/p>\n\n\n\n<p>Cabe destacar que de manera diaria se realizan Mesas de Seguridad con autoridades federales, estatales y municipales, donde se establecen las l\u00edneas de acci\u00f3n y se refuerza el trabajo conjunto para garantizar entornos m\u00e1s seguros en favor de todas y todos los ciudadanos.<\/p>\n","protected":false},"excerpt":{"rendered":"<p>Como resultado de la estrecha coordinaci\u00f3n entre las Secretar\u00edas de la Defensa Nacional (SEDENA), de Marina (SEMAR), Guardia Nacional (GN), la Secretar\u00eda de Seguridad P\u00fablica del Estado (SSP), la Fiscal\u00eda General del Estado (FGE) y autoridades municipales, as\u00ed como de la estrategia integral de seguridad, la incidencia delictiva en el estado de Puebla tuvo una [&hellip;]<\/p>\n","protected":false},"author":4,"featured_media":62225,"comment_status":"open","ping_status":"open","sticky":false,"template":"","format":"standard","meta":{"om_disable_all_campaigns":false,"_monsterinsights_skip_tracking":false,"_monsterinsights_sitenote_active":false,"_monsterinsights_sitenote_note":"","_monsterinsights_sitenote_category":0,"footnotes":""},"categories":[175],"tags":[239,195],"class_list":["post-62224","post","type-post","status-publish","format-standard","has-post-thumbnail","hentry","category-local","tag-gobierno","tag-principal"],"amp_enabled":true,"_links":{"self":[{"href":"https:\/\/lahora.mx\/index.php\/wp-json\/wp\/v2\/posts\/62224","targetHints":{"allow":["GET"]}}],"collection":[{"href":"https:\/\/lahora.mx\/index.php\/wp-json\/wp\/v2\/posts"}],"about":[{"href":"https:\/\/lahora.mx\/index.php\/wp-json\/wp\/v2\/types\/post"}],"author":[{"embeddable":true,"href":"https:\/\/lahora.mx\/index.php\/wp-json\/wp\/v2\/users\/4"}],"replies":[{"embeddable":true,"href":"https:\/\/lahora.mx\/index.php\/wp-json\/wp\/v2\/comments?post=62224"}],"version-history":[{"count":1,"href":"https:\/\/lahora.mx\/index.php\/wp-json\/wp\/v2\/posts\/62224\/revisions"}],"predecessor-version":[{"id":62226,"href":"https:\/\/lahora.mx\/index.php\/wp-json\/wp\/v2\/posts\/62224\/revisions\/62226"}],"wp:featuredmedia":[{"embeddable":true,"href":"https:\/\/lahora.mx\/index.php\/wp-json\/wp\/v2\/media\/62225"}],"wp:attachment":[{"href":"https:\/\/lahora.mx\/index.php\/wp-json\/wp\/v2\/media?parent=62224"}],"wp:term":[{"taxonomy":"category","embeddable":true,"href":"https:\/\/lahora.mx\/index.php\/wp-json\/wp\/v2\/categories?post=62224"},{"taxonomy":"post_tag","embeddable":true,"href":"https:\/\/lahora.mx\/index.php\/wp-json\/wp\/v2\/tags?post=62224"}],"curies":[{"name":"wp","href":"https:\/\/api.w.org\/{rel}","templated":true}]}}