{"id":62212,"date":"2025-05-12T16:21:29","date_gmt":"2025-05-12T16:21:29","guid":{"rendered":"https:\/\/lahora.mx\/?p=62212"},"modified":"2025-05-12T16:21:29","modified_gmt":"2025-05-12T16:21:29","slug":"asesinan-a-candidata-por-morena-a-alcaldia-de-texistepec-veracruz","status":"publish","type":"post","link":"https:\/\/lahora.mx\/index.php\/2025\/05\/12\/asesinan-a-candidata-por-morena-a-alcaldia-de-texistepec-veracruz\/","title":{"rendered":"Asesinan a candidata por Morena a alcald\u00eda de Texistepec, Veracruz"},"content":{"rendered":"\n<p>A balazos y tras concluir su participaci\u00f3n en una caravana de motocicletas y taxis, asesinaron a Yesenia Lara Guti\u00e9rrez, candidata por Morena a la presidencia municipal de Texistepec, al sur de Veracruz.<\/p>\n\n\n\n<p>Se trata del segundo asesinato pol\u00edtico en 13 d\u00edas en ese estado.<\/p>\n\n\n\n<p>Fue durante la noche de ayer domingo 11 de mayo cuando sujetos armados abrieron fuego contra la caravana que convoc\u00f3 y en que particip\u00f3 la abanderada morenista que inici\u00f3 en Loma Central y termin\u00f3 en la cabecera municipal hom\u00f3nima, Texistepec.<\/p>\n\n\n\n<p>Tras la balacera y junto a Yesenia Lara Guti\u00e9rrez cayeron asesinados otras tres personas que la acompa\u00f1aban. El ataque fue grabado en vivo, ya que la pol\u00edtica transmit\u00eda el evento por Facebook.<\/p>\n\n\n\n<p>El hecho gener\u00f3 p\u00e1nico entre los asistentes que se dispersaron del sitio para resguardarse tras oir un aproximado de 20 detonaciones consecutivas. Algunos de ellos terminaron en el rostro de la candidata.<\/p>\n\n\n\n<p>Segundo candidato por Morena a alcald\u00eda de Veracruz asesinado<br>Acorde con informaci\u00f3n de Milenio, al menos ocho sujetos participaron en el asesinato de Yesenia Lara Guti\u00e9rrez, quien fue pareja de Enrique Arg\u00fcelles Montero, regidor de Texistepec en la administraci\u00f3n de V\u00edctor Manuel S\u00e1nchez Florentino, a quien tambi\u00e9n asesinaron en noviembre de 2022.<\/p>\n\n\n\n<p>Antes de iniciar campa\u00f1a para ser alcaldesa ostent\u00f3 el cargo de agente municipal de Las Camelias. Adem\u00e1s, en su trayectoria pol\u00edtica acumulaba experiencia como s\u00edndica del exalcalde Enrique Paul.<\/p>\n\n\n\n<p>Este es el segundo asesinato contra candidatos por Morena a alguna presidencia municipal del estado de Veracruz en este 2025.<\/p>\n\n\n\n<p>El primero fue Germ\u00e1n Anuar Valencia, conocido como &#8216;El Napo&#8217;, a quien acribillaron el pasado 29 de abril en el municipio de Coxquihui, ubicado al norte de la entidad.<\/p>\n\n\n\n<p>Claudia Sheinbaum condena asesinato de Yesenia Lara<\/p>\n\n\n\n<p>Desde Palacio Nacional, durante la ma\u00f1anera del Pueblo, la presidenta Claudia Sheinbaum fue cuestionada sobre el asesinato de la candidata por Morena a la alcald\u00eda de Texistepec, Veracruz, Yesenia Lara.<\/p>\n\n\n\n<p>La presidenta lament\u00f3 y conden\u00f3 el asesinato de Yesenia Lara y puntualiz\u00f3 que desconocen el m\u00f3vil y se llevan a cabo las investigaciones para esclarecer el homicidio.<\/p>\n\n\n\n<p>\u201cEst\u00e1n haci\u00e9ndose las investigaciones, todav\u00eda no sabemos el m\u00f3vil, pero le ped\u00ed (a su equipo de seguridad) que entraran en comunicaci\u00f3n con la gobernadora Roc\u00edo Nahle y, de ser necesario, con la Fiscal\u00eda de Veracruz para poder apoyar en todo lo que sea necesario para esclarecer este crimen\u201d, respondi\u00f3 a pregunta expresa.<\/p>\n","protected":false},"excerpt":{"rendered":"<p>A balazos y tras concluir su participaci\u00f3n en una caravana de motocicletas y taxis, asesinaron a Yesenia Lara Guti\u00e9rrez, candidata por Morena a la presidencia municipal de Texistepec, al sur de Veracruz. Se trata del segundo asesinato pol\u00edtico en 13 d\u00edas en ese estado. Fue durante la noche de ayer domingo 11 de mayo cuando [&hellip;]<\/p>\n","protected":false},"author":4,"featured_media":62213,"comment_status":"open","ping_status":"open","sticky":false,"template":"","format":"standard","meta":{"om_disable_all_campaigns":false,"_monsterinsights_skip_tracking":false,"_monsterinsights_sitenote_active":false,"_monsterinsights_sitenote_note":"","_monsterinsights_sitenote_category":0,"footnotes":""},"categories":[176,226],"tags":[195],"class_list":["post-62212","post","type-post","status-publish","format-standard","has-post-thumbnail","hentry","category-nacional","category-policia","tag-principal"],"amp_enabled":true,"_links":{"self":[{"href":"https:\/\/lahora.mx\/index.php\/wp-json\/wp\/v2\/posts\/62212","targetHints":{"allow":["GET"]}}],"collection":[{"href":"https:\/\/lahora.mx\/index.php\/wp-json\/wp\/v2\/posts"}],"about":[{"href":"https:\/\/lahora.mx\/index.php\/wp-json\/wp\/v2\/types\/post"}],"author":[{"embeddable":true,"href":"https:\/\/lahora.mx\/index.php\/wp-json\/wp\/v2\/users\/4"}],"replies":[{"embeddable":true,"href":"https:\/\/lahora.mx\/index.php\/wp-json\/wp\/v2\/comments?post=62212"}],"version-history":[{"count":1,"href":"https:\/\/lahora.mx\/index.php\/wp-json\/wp\/v2\/posts\/62212\/revisions"}],"predecessor-version":[{"id":62214,"href":"https:\/\/lahora.mx\/index.php\/wp-json\/wp\/v2\/posts\/62212\/revisions\/62214"}],"wp:featuredmedia":[{"embeddable":true,"href":"https:\/\/lahora.mx\/index.php\/wp-json\/wp\/v2\/media\/62213"}],"wp:attachment":[{"href":"https:\/\/lahora.mx\/index.php\/wp-json\/wp\/v2\/media?parent=62212"}],"wp:term":[{"taxonomy":"category","embeddable":true,"href":"https:\/\/lahora.mx\/index.php\/wp-json\/wp\/v2\/categories?post=62212"},{"taxonomy":"post_tag","embeddable":true,"href":"https:\/\/lahora.mx\/index.php\/wp-json\/wp\/v2\/tags?post=62212"}],"curies":[{"name":"wp","href":"https:\/\/api.w.org\/{rel}","templated":true}]}}