{"id":62191,"date":"2025-05-12T00:25:50","date_gmt":"2025-05-12T00:25:50","guid":{"rendered":"https:\/\/lahora.mx\/?p=62191"},"modified":"2025-05-12T00:25:51","modified_gmt":"2025-05-12T00:25:51","slug":"puebla-entre-las-mejores-ferias-del-pais-reactivacion-economica-con-seguridad","status":"publish","type":"post","link":"https:\/\/lahora.mx\/index.php\/2025\/05\/12\/puebla-entre-las-mejores-ferias-del-pais-reactivacion-economica-con-seguridad\/","title":{"rendered":"Puebla entre las mejores ferias del pa\u00eds: reactivaci\u00f3n econ\u00f3mica con seguridad"},"content":{"rendered":"\n<p>La Feria de Puebla 2025 concluy\u00f3 este 11 de mayo consolid\u00e1ndose como una de las mejores ferias del pa\u00eds, gracias a su inigualable oferta cultural, gastron\u00f3mica, econ\u00f3mica y de entretenimiento. Con una afluencia de m\u00e1s de medio mill\u00f3n de visitantes en sus primeros d\u00edas y una agenda repleta de espect\u00e1culos de talla mundial, esta edici\u00f3n marc\u00f3 un antes y un despu\u00e9s en la historia del estado.<\/p>\n\n\n\n<p>Durante casi un mes, Puebla ha vivido una aut\u00e9ntica fiesta en la que los asistentes disfrutaron de artistas internacionales como Scorpions, Maroon 5, Pitbull y The Killers, quienes ofrecieron conciertos memorables en el Teatro del Pueblo y el Palenque. M\u00e1s de 250 mil personas vibraron con estas presentaciones, adem\u00e1s de aplaudir al talento local, representado por m\u00e1s de 80 artistas poblanos.<\/p>\n\n\n\n<p>El impacto econ\u00f3mico y social fue igual de notable. Gracias a la entrega gratuita de m\u00e1s de 200 stands a productores y artesanos, los pabellones institucionales se convirtieron en una vitrina del orgullo poblano y fortalecieron la econom\u00eda local. Adem\u00e1s, la Feria forma parte de un proyecto de inversi\u00f3n tur\u00edstica estatal de 750 millones de pesos, con el que se espera una derrama econ\u00f3mica que se prev\u00e9 supere los 8 mil millones de pesos a lo largo de 2025.<\/p>\n\n\n\n<p>En materia de seguridad, la Feria de Puebla 2025 ha sido un referente. M\u00e1s de mil 400 elementos operativos, en coordinaci\u00f3n con Protecci\u00f3n Civil, Bomberos y los tres \u00f3rdenes de gobierno, garantizaron un ambiente seguro y ordenado durante toda la temporada, lo que permiti\u00f3 el sano disfrute de miles de familias.<\/p>\n\n\n\n<p>Una de las iniciativas m\u00e1s aplaudidas fue el programa \u201cViajes Inolvidables\u201d, que acerc\u00f3 a familias de distintas regiones del estado a la capital poblana, as\u00ed como a personal del Senado de la Rep\u00fablica que atendieron la invitaci\u00f3n del gobernador Alejandro Armenta para disfrutar la Feria de Puebla y sus atracciones. A trav\u00e9s de recorridos educativos por el Planetario, zonas de juegos mec\u00e1nicos y pabellones interactivos, m\u00e1s de 200 personas entre ni\u00f1as, ni\u00f1os y adultos, vivieron una experiencia \u00fanica, totalmente gratuita, promoviendo el turismo social y la inclusi\u00f3n.<\/p>\n\n\n\n<p>Con una oferta que abarc\u00f3 desde la innovaci\u00f3n tecnol\u00f3gica hasta la riqueza de los pueblos m\u00e1gicos, la Feria de Puebla 2025 cerr\u00f3 con broche de oro. Un evento que no solo reafirma la vocaci\u00f3n cultural y tur\u00edstica del estado, sino que proyecta a Puebla como uno de los destinos m\u00e1s vibrantes y seguros de M\u00e9xico.<\/p>\n","protected":false},"excerpt":{"rendered":"<p>La Feria de Puebla 2025 concluy\u00f3 este 11 de mayo consolid\u00e1ndose como una de las mejores ferias del pa\u00eds, gracias a su inigualable oferta cultural, gastron\u00f3mica, econ\u00f3mica y de entretenimiento. Con una afluencia de m\u00e1s de medio mill\u00f3n de visitantes en sus primeros d\u00edas y una agenda repleta de espect\u00e1culos de talla mundial, esta edici\u00f3n [&hellip;]<\/p>\n","protected":false},"author":4,"featured_media":62192,"comment_status":"open","ping_status":"open","sticky":false,"template":"","format":"standard","meta":{"om_disable_all_campaigns":false,"_monsterinsights_skip_tracking":false,"_monsterinsights_sitenote_active":false,"_monsterinsights_sitenote_note":"","_monsterinsights_sitenote_category":0,"footnotes":""},"categories":[175],"tags":[239,223],"class_list":["post-62191","post","type-post","status-publish","format-standard","has-post-thumbnail","hentry","category-local","tag-gobierno","tag-puebla"],"amp_enabled":true,"_links":{"self":[{"href":"https:\/\/lahora.mx\/index.php\/wp-json\/wp\/v2\/posts\/62191","targetHints":{"allow":["GET"]}}],"collection":[{"href":"https:\/\/lahora.mx\/index.php\/wp-json\/wp\/v2\/posts"}],"about":[{"href":"https:\/\/lahora.mx\/index.php\/wp-json\/wp\/v2\/types\/post"}],"author":[{"embeddable":true,"href":"https:\/\/lahora.mx\/index.php\/wp-json\/wp\/v2\/users\/4"}],"replies":[{"embeddable":true,"href":"https:\/\/lahora.mx\/index.php\/wp-json\/wp\/v2\/comments?post=62191"}],"version-history":[{"count":1,"href":"https:\/\/lahora.mx\/index.php\/wp-json\/wp\/v2\/posts\/62191\/revisions"}],"predecessor-version":[{"id":62193,"href":"https:\/\/lahora.mx\/index.php\/wp-json\/wp\/v2\/posts\/62191\/revisions\/62193"}],"wp:featuredmedia":[{"embeddable":true,"href":"https:\/\/lahora.mx\/index.php\/wp-json\/wp\/v2\/media\/62192"}],"wp:attachment":[{"href":"https:\/\/lahora.mx\/index.php\/wp-json\/wp\/v2\/media?parent=62191"}],"wp:term":[{"taxonomy":"category","embeddable":true,"href":"https:\/\/lahora.mx\/index.php\/wp-json\/wp\/v2\/categories?post=62191"},{"taxonomy":"post_tag","embeddable":true,"href":"https:\/\/lahora.mx\/index.php\/wp-json\/wp\/v2\/tags?post=62191"}],"curies":[{"name":"wp","href":"https:\/\/api.w.org\/{rel}","templated":true}]}}