{"id":62182,"date":"2025-05-11T23:01:35","date_gmt":"2025-05-11T23:01:35","guid":{"rendered":"https:\/\/lahora.mx\/?p=62182"},"modified":"2025-05-11T23:01:36","modified_gmt":"2025-05-11T23:01:36","slug":"israel-ordena-evacuacion-de-puertos-en-yemen-ante-posible-ataques-de-los-huties","status":"publish","type":"post","link":"https:\/\/lahora.mx\/index.php\/2025\/05\/11\/israel-ordena-evacuacion-de-puertos-en-yemen-ante-posible-ataques-de-los-huties\/","title":{"rendered":"Israel ordena evacuaci\u00f3n de puertos en Yemen ante posible ataques de los hut\u00edes"},"content":{"rendered":"\n<p>El Ej\u00e9rcito de Defensa de Israel (IDF) emiti\u00f3 una advertencia de evacuaci\u00f3n dirigida a los puertos de Ras Isa, Hodeida y Salif, en la costa occidental de Yemen, controlados por los rebeldes hut\u00edes, ante posibles ataques a\u00e9reos. La medida preventiva se tom\u00f3 tras una serie de misiles y drones lanzados por los hut\u00edes contra territorio israel\u00ed en los \u00faltimos d\u00edas.<\/p>\n\n\n\n<p>Seg\u00fan el portavoz del IDF, coronel Avichay Adraee, \u201clos puertos est\u00e1n siendo utilizados por el r\u00e9gimen terrorista hut\u00ed para sus operaciones\u201d y pidi\u00f3 a la poblaci\u00f3n mantenerse alejada por su seguridad. La tensi\u00f3n se increment\u00f3 luego de que Israel bombardeara el aeropuerto de San\u00e1 y otras instalaciones hut\u00edes la semana pasada.<\/p>\n\n\n\n<p>El viernes, Israel intercept\u00f3 un misil lanzado desde Yemen que activ\u00f3 las alarmas antia\u00e9reas en Tel Aviv. Mientras tanto, los hut\u00edes prometieron intensificar sus ataques en respuesta a la ofensiva israel\u00ed, pese a un acuerdo de alto al fuego con Estados Unidos que, seg\u00fan reportes, sorprendi\u00f3 al Gobierno de Israel.<\/p>\n\n\n\n<p>Israel acusa a Ir\u00e1n de respaldar a los hut\u00edes como parte del llamado \u201ceje de la resistencia\u201d, junto con Hamas y Hezbollah. Aunque Teher\u00e1n niega v\u00ednculos militares con el grupo, el conflicto sigue escalando con riesgo de mayores implicaciones regionales.<\/p>\n","protected":false},"excerpt":{"rendered":"<p>El Ej\u00e9rcito de Defensa de Israel (IDF) emiti\u00f3 una advertencia de evacuaci\u00f3n dirigida a los puertos de Ras Isa, Hodeida y Salif, en la costa occidental de Yemen, controlados por los rebeldes hut\u00edes, ante posibles ataques a\u00e9reos. La medida preventiva se tom\u00f3 tras una serie de misiles y drones lanzados por los hut\u00edes contra territorio [&hellip;]<\/p>\n","protected":false},"author":4,"featured_media":62183,"comment_status":"open","ping_status":"open","sticky":false,"template":"","format":"standard","meta":{"om_disable_all_campaigns":false,"_monsterinsights_skip_tracking":false,"_monsterinsights_sitenote_active":false,"_monsterinsights_sitenote_note":"","_monsterinsights_sitenote_category":0,"footnotes":""},"categories":[183],"tags":[],"class_list":["post-62182","post","type-post","status-publish","format-standard","has-post-thumbnail","hentry","category-internacional"],"amp_enabled":true,"_links":{"self":[{"href":"https:\/\/lahora.mx\/index.php\/wp-json\/wp\/v2\/posts\/62182","targetHints":{"allow":["GET"]}}],"collection":[{"href":"https:\/\/lahora.mx\/index.php\/wp-json\/wp\/v2\/posts"}],"about":[{"href":"https:\/\/lahora.mx\/index.php\/wp-json\/wp\/v2\/types\/post"}],"author":[{"embeddable":true,"href":"https:\/\/lahora.mx\/index.php\/wp-json\/wp\/v2\/users\/4"}],"replies":[{"embeddable":true,"href":"https:\/\/lahora.mx\/index.php\/wp-json\/wp\/v2\/comments?post=62182"}],"version-history":[{"count":1,"href":"https:\/\/lahora.mx\/index.php\/wp-json\/wp\/v2\/posts\/62182\/revisions"}],"predecessor-version":[{"id":62184,"href":"https:\/\/lahora.mx\/index.php\/wp-json\/wp\/v2\/posts\/62182\/revisions\/62184"}],"wp:featuredmedia":[{"embeddable":true,"href":"https:\/\/lahora.mx\/index.php\/wp-json\/wp\/v2\/media\/62183"}],"wp:attachment":[{"href":"https:\/\/lahora.mx\/index.php\/wp-json\/wp\/v2\/media?parent=62182"}],"wp:term":[{"taxonomy":"category","embeddable":true,"href":"https:\/\/lahora.mx\/index.php\/wp-json\/wp\/v2\/categories?post=62182"},{"taxonomy":"post_tag","embeddable":true,"href":"https:\/\/lahora.mx\/index.php\/wp-json\/wp\/v2\/tags?post=62182"}],"curies":[{"name":"wp","href":"https:\/\/api.w.org\/{rel}","templated":true}]}}