{"id":62179,"date":"2025-05-11T22:59:25","date_gmt":"2025-05-11T22:59:25","guid":{"rendered":"https:\/\/lahora.mx\/?p=62179"},"modified":"2025-05-11T22:59:25","modified_gmt":"2025-05-11T22:59:25","slug":"se-retrasa-pagos-de-pensiones-bienestar","status":"publish","type":"post","link":"https:\/\/lahora.mx\/index.php\/2025\/05\/11\/se-retrasa-pagos-de-pensiones-bienestar\/","title":{"rendered":"Se retrasa pagos de pensiones Bienestar"},"content":{"rendered":"\n<p>La secretaria del Bienestar, Ariadna Montiel, inform\u00f3 este martes que los pagos correspondientes al bimestre mayo-junio de los programas sociales del gobierno federal presentaron un retraso debido a los d\u00edas feriados del 1 y 5 de mayo.<\/p>\n\n\n\n<p>Montiel explic\u00f3 que la dispersi\u00f3n de recursos comenzar\u00e1 a partir de este mi\u00e9rcoles 7 de mayo y seguir\u00e1 el calendario establecido por la Secretar\u00eda del Bienestar. Los pagos corresponden a las pensiones para Adultos Mayores, Personas con Discapacidad, Mujeres Bienestar y Madres Trabajadoras.<\/p>\n\n\n\n<p>Para quienes a\u00fan no est\u00e1n inscritos, los requisitos para acceder a la Pensi\u00f3n Bienestar incluyen acta de nacimiento, identificaci\u00f3n oficial vigente, CURP, comprobante de domicilio no mayor a seis meses, n\u00famero telef\u00f3nico y llenar el formato correspondiente en el m\u00f3dulo m\u00e1s cercano.<\/p>\n\n\n\n<p>Los m\u00f3dulos pueden localizarse en la p\u00e1gina oficial de la Secretar\u00eda del Bienestar, ingresando estado y municipio. Una vez concluido el registro y validada la elegibilidad, las beneficiarias recibir\u00e1n apoyos de 3 mil pesos bimestrales, depositados en la tarjeta del Banco del Bienestar. Para nuevos registros, los primeros pagos est\u00e1n programados para enero de 2025.<\/p>\n","protected":false},"excerpt":{"rendered":"<p>La secretaria del Bienestar, Ariadna Montiel, inform\u00f3 este martes que los pagos correspondientes al bimestre mayo-junio de los programas sociales del gobierno federal presentaron un retraso debido a los d\u00edas feriados del 1 y 5 de mayo. Montiel explic\u00f3 que la dispersi\u00f3n de recursos comenzar\u00e1 a partir de este mi\u00e9rcoles 7 de mayo y seguir\u00e1 [&hellip;]<\/p>\n","protected":false},"author":4,"featured_media":62180,"comment_status":"open","ping_status":"open","sticky":false,"template":"","format":"standard","meta":{"om_disable_all_campaigns":false,"_monsterinsights_skip_tracking":false,"_monsterinsights_sitenote_active":false,"_monsterinsights_sitenote_note":"","_monsterinsights_sitenote_category":0,"footnotes":""},"categories":[175,176],"tags":[],"class_list":["post-62179","post","type-post","status-publish","format-standard","has-post-thumbnail","hentry","category-local","category-nacional"],"amp_enabled":true,"_links":{"self":[{"href":"https:\/\/lahora.mx\/index.php\/wp-json\/wp\/v2\/posts\/62179","targetHints":{"allow":["GET"]}}],"collection":[{"href":"https:\/\/lahora.mx\/index.php\/wp-json\/wp\/v2\/posts"}],"about":[{"href":"https:\/\/lahora.mx\/index.php\/wp-json\/wp\/v2\/types\/post"}],"author":[{"embeddable":true,"href":"https:\/\/lahora.mx\/index.php\/wp-json\/wp\/v2\/users\/4"}],"replies":[{"embeddable":true,"href":"https:\/\/lahora.mx\/index.php\/wp-json\/wp\/v2\/comments?post=62179"}],"version-history":[{"count":1,"href":"https:\/\/lahora.mx\/index.php\/wp-json\/wp\/v2\/posts\/62179\/revisions"}],"predecessor-version":[{"id":62181,"href":"https:\/\/lahora.mx\/index.php\/wp-json\/wp\/v2\/posts\/62179\/revisions\/62181"}],"wp:featuredmedia":[{"embeddable":true,"href":"https:\/\/lahora.mx\/index.php\/wp-json\/wp\/v2\/media\/62180"}],"wp:attachment":[{"href":"https:\/\/lahora.mx\/index.php\/wp-json\/wp\/v2\/media?parent=62179"}],"wp:term":[{"taxonomy":"category","embeddable":true,"href":"https:\/\/lahora.mx\/index.php\/wp-json\/wp\/v2\/categories?post=62179"},{"taxonomy":"post_tag","embeddable":true,"href":"https:\/\/lahora.mx\/index.php\/wp-json\/wp\/v2\/tags?post=62179"}],"curies":[{"name":"wp","href":"https:\/\/api.w.org\/{rel}","templated":true}]}}