{"id":62176,"date":"2025-05-11T22:56:43","date_gmt":"2025-05-11T22:56:43","guid":{"rendered":"https:\/\/lahora.mx\/?p=62176"},"modified":"2025-05-11T22:56:43","modified_gmt":"2025-05-11T22:56:43","slug":"muere-una-persona-tras-incendio-de-globo-aerostatico-en-festival-de-zacatecas","status":"publish","type":"post","link":"https:\/\/lahora.mx\/index.php\/2025\/05\/11\/muere-una-persona-tras-incendio-de-globo-aerostatico-en-festival-de-zacatecas\/","title":{"rendered":"Muere una persona tras incendio de globo aerost\u00e1tico en festival de Zacatecas"},"content":{"rendered":"\n<p>Una persona muri\u00f3 este fin de semana durante el Primer Festival del Globo, celebrado en el municipio de General Enrique Estrada, Zacatecas, luego de que un globo aerost\u00e1tico se incendiara durante el despegue.<\/p>\n\n\n\n<p>De acuerdo con autoridades locales, el fuego comenz\u00f3 mientras la aeronave intentaba elevarse, lo que provoc\u00f3 que la canastilla fuera consumida r\u00e1pidamente por las llamas y cayera al suelo. El incidente dej\u00f3 como saldo una persona fallecida, cuya identidad no ha sido revelada hasta el momento.<\/p>\n\n\n\n<p>Elementos de seguridad, protecci\u00f3n civil y servicios m\u00e9dicos acudieron al lugar para atender la emergencia y brindar apoyo a las personas afectadas. La Fiscal\u00eda General de Justicia del Estado de Zacatecas ya abri\u00f3 una investigaci\u00f3n para esclarecer las causas del accidente y deslindar responsabilidades.<\/p>\n\n\n\n<p>Tras los hechos, el Gobierno del Estado exhort\u00f3 a las autoridades municipales a reforzar los mecanismos de verificaci\u00f3n y supervisi\u00f3n de este tipo de eventos, a fin de prevenir nuevos incidentes que pongan en riesgo la vida de los asistentes y participantes.<\/p>\n\n\n\n<p>Este tr\u00e1gico suceso ha generado consternaci\u00f3n entre la poblaci\u00f3n local y asistentes al festival, el cual pretend\u00eda promover el turismo y ofrecer actividades recreativas con globos aerost\u00e1ticos en la regi\u00f3n.<\/p>\n","protected":false},"excerpt":{"rendered":"<p>Una persona muri\u00f3 este fin de semana durante el Primer Festival del Globo, celebrado en el municipio de General Enrique Estrada, Zacatecas, luego de que un globo aerost\u00e1tico se incendiara durante el despegue. De acuerdo con autoridades locales, el fuego comenz\u00f3 mientras la aeronave intentaba elevarse, lo que provoc\u00f3 que la canastilla fuera consumida r\u00e1pidamente [&hellip;]<\/p>\n","protected":false},"author":4,"featured_media":62177,"comment_status":"open","ping_status":"open","sticky":false,"template":"","format":"standard","meta":{"om_disable_all_campaigns":false,"_monsterinsights_skip_tracking":false,"_monsterinsights_sitenote_active":false,"_monsterinsights_sitenote_note":"","_monsterinsights_sitenote_category":0,"footnotes":""},"categories":[175,226],"tags":[223],"class_list":["post-62176","post","type-post","status-publish","format-standard","has-post-thumbnail","hentry","category-local","category-policia","tag-puebla"],"amp_enabled":true,"_links":{"self":[{"href":"https:\/\/lahora.mx\/index.php\/wp-json\/wp\/v2\/posts\/62176","targetHints":{"allow":["GET"]}}],"collection":[{"href":"https:\/\/lahora.mx\/index.php\/wp-json\/wp\/v2\/posts"}],"about":[{"href":"https:\/\/lahora.mx\/index.php\/wp-json\/wp\/v2\/types\/post"}],"author":[{"embeddable":true,"href":"https:\/\/lahora.mx\/index.php\/wp-json\/wp\/v2\/users\/4"}],"replies":[{"embeddable":true,"href":"https:\/\/lahora.mx\/index.php\/wp-json\/wp\/v2\/comments?post=62176"}],"version-history":[{"count":1,"href":"https:\/\/lahora.mx\/index.php\/wp-json\/wp\/v2\/posts\/62176\/revisions"}],"predecessor-version":[{"id":62178,"href":"https:\/\/lahora.mx\/index.php\/wp-json\/wp\/v2\/posts\/62176\/revisions\/62178"}],"wp:featuredmedia":[{"embeddable":true,"href":"https:\/\/lahora.mx\/index.php\/wp-json\/wp\/v2\/media\/62177"}],"wp:attachment":[{"href":"https:\/\/lahora.mx\/index.php\/wp-json\/wp\/v2\/media?parent=62176"}],"wp:term":[{"taxonomy":"category","embeddable":true,"href":"https:\/\/lahora.mx\/index.php\/wp-json\/wp\/v2\/categories?post=62176"},{"taxonomy":"post_tag","embeddable":true,"href":"https:\/\/lahora.mx\/index.php\/wp-json\/wp\/v2\/tags?post=62176"}],"curies":[{"name":"wp","href":"https:\/\/api.w.org\/{rel}","templated":true}]}}