{"id":62173,"date":"2025-05-11T22:55:18","date_gmt":"2025-05-11T22:55:18","guid":{"rendered":"https:\/\/lahora.mx\/?p=62173"},"modified":"2025-05-11T22:55:19","modified_gmt":"2025-05-11T22:55:19","slug":"descarta-el-gobernador-alejandro-armenta-impunidad-o-persecucion-en-caso-de-edil-de-cuautempan","status":"publish","type":"post","link":"https:\/\/lahora.mx\/index.php\/2025\/05\/11\/descarta-el-gobernador-alejandro-armenta-impunidad-o-persecucion-en-caso-de-edil-de-cuautempan\/","title":{"rendered":"Descarta el gobernador Alejandro Armenta impunidad o persecuci\u00f3n en caso de edil de Cuautempan"},"content":{"rendered":"\n<p>El gobernador del estado, Alejandro Armenta Mier, admiti\u00f3 que conoce y visit\u00f3 hace poco al alcalde de Cuautempan, Gerardo Cort\u00e9s Caballero, quien presuntamente estar\u00eda pr\u00f3fugo de la justicia por supuestos nexos con el crimen organizado, lo cual no significa que en este caso habr\u00e1 impunidad, pero tampoco persecuci\u00f3n.<\/p>\n\n\n\n<p>Lo anterior, despu\u00e9s de que este fin de semana, fuerzas federales y estatales realizaron un cateo a inmuebles propiedad del edil del partido Morena, donde encontraron drogas, armas, cartuchos \u00fatiles y veh\u00edculos.<\/p>\n\n\n\n<p>Al acudir a la junta auxiliar de San Felipe Hueyotlipan para realizar una faena comunitaria, el mandatario estatal inform\u00f3 que la Fiscal\u00eda General del Estado (FGE) est\u00e1 a cargo de la investigaci\u00f3n.<\/p>\n\n\n\n<p>\u201cLa Fiscal\u00eda est\u00e1 atendiendo, es la mejor forma de decir y demostrar que no hay impunidad\u201d, declar\u00f3 en entrevista.<\/p>\n\n\n\n<p>Incluso, Alejandro Armenta relat\u00f3 que en d\u00edas pasados visit\u00f3 el municipio de Cuautempan, enclavado en la Sierra Norte y Nororiental, que ahora forma parte de una nueva microregi\u00f3n en la entidad.<\/p>\n\n\n\n<p>Sin embargo, aclar\u00f3 que no les corresponde hacer ning\u00fan tipo de aseveraci\u00f3n sobre Gerardo Cort\u00e9s, ya que ser\u00e1 el alcalde quien rinda cuentas en su momento.<\/p>\n\n\n\n<p>\u201cYo no puedo acusar ni puedo deliberar, hay una investigaci\u00f3n, conozco al presidente municipal, pero no puedo afirmar ni negar nada. Lo que si les puedo asegurar es que se debe aplicar la ley con objetividad y no se debe perseguir a nadie, pero tampoco debe haber impunidad, ni persecuci\u00f3n ni impunidad\u201d, sostuvo.<\/p>\n\n\n\n<p>Sobre el caso, la Secretar\u00eda de Gobernaci\u00f3n estatal (Segob) dio a conocer que Gerardo Cort\u00e9s solicit\u00f3 una licencia de 20 d\u00edas al cargo por \u201cproblemas de salud\u201d, lo cual se lo permite la Ley Org\u00e1nica Municipal.<\/p>\n\n\n\n<p>No se minimiza la detenci\u00f3n de hija del exedil de Amozoc<br>Por otra parte, Alejandro Armenta se\u00f1al\u00f3 que tampoco se va a minimizar la detenci\u00f3n de la hija del petista Jos\u00e9 Cruz S\u00e1nchez, quien fue exalcalde de Amozoc y busc\u00f3 regresar al poder en las pasadas elecciones, una vez que insisti\u00f3 las indagatorias est\u00e1n tambi\u00e9n en manos de la Fiscal\u00eda para definir su situaci\u00f3n legal.<\/p>\n\n\n\n<p>Fue el pasado jueves, integrantes de la banda criminal conocida como \u201cLos Monos\u201d que opera en la junta auxiliar de Santa Mar\u00eda Xonacatepec, as\u00ed como la hija del exedil de Amozoc, fueron detenidos por agentes de la Secretar\u00eda de Marina (Semar), por su presunta relaci\u00f3n con el delito de narcomenudeo.<\/p>\n\n\n\n<p>Ante este hecho, el gobernador de Puebla se\u00f1al\u00f3 que el gobierno no cierra los ojos, sino que \u201cestar\u00e1 pendiente\u201d.<\/p>\n\n\n\n<p>\u201cEstamos atentos cuando hay alguna nota que sale investigamos, no nos molestamos, no nos espantamos, no minimizamos, ni ponderamos, ni juzgamos, lo que hacemos es investigar\u201d, coment\u00f3 al ofrecer darle seguimiento para que se llegue hasta las \u00faltimas consecuencias.<\/p>\n\n\n\n<p>\u201cVamos a verificar y profundizar en la investigaci\u00f3n, si lo que se inform\u00f3 es verdad hay que atenderlo, pero si es resultado de un dato no preciso, tambi\u00e9n lo aclaramos, sin menosprecio a la informaci\u00f3n\u201d, remat\u00f3.<\/p>\n","protected":false},"excerpt":{"rendered":"<p>El gobernador del estado, Alejandro Armenta Mier, admiti\u00f3 que conoce y visit\u00f3 hace poco al alcalde de Cuautempan, Gerardo Cort\u00e9s Caballero, quien presuntamente estar\u00eda pr\u00f3fugo de la justicia por supuestos nexos con el crimen organizado, lo cual no significa que en este caso habr\u00e1 impunidad, pero tampoco persecuci\u00f3n. Lo anterior, despu\u00e9s de que este fin [&hellip;]<\/p>\n","protected":false},"author":4,"featured_media":62174,"comment_status":"open","ping_status":"open","sticky":false,"template":"","format":"standard","meta":{"om_disable_all_campaigns":false,"_monsterinsights_skip_tracking":false,"_monsterinsights_sitenote_active":false,"_monsterinsights_sitenote_note":"","_monsterinsights_sitenote_category":0,"footnotes":""},"categories":[175],"tags":[239,223],"class_list":["post-62173","post","type-post","status-publish","format-standard","has-post-thumbnail","hentry","category-local","tag-gobierno","tag-puebla"],"amp_enabled":true,"_links":{"self":[{"href":"https:\/\/lahora.mx\/index.php\/wp-json\/wp\/v2\/posts\/62173","targetHints":{"allow":["GET"]}}],"collection":[{"href":"https:\/\/lahora.mx\/index.php\/wp-json\/wp\/v2\/posts"}],"about":[{"href":"https:\/\/lahora.mx\/index.php\/wp-json\/wp\/v2\/types\/post"}],"author":[{"embeddable":true,"href":"https:\/\/lahora.mx\/index.php\/wp-json\/wp\/v2\/users\/4"}],"replies":[{"embeddable":true,"href":"https:\/\/lahora.mx\/index.php\/wp-json\/wp\/v2\/comments?post=62173"}],"version-history":[{"count":1,"href":"https:\/\/lahora.mx\/index.php\/wp-json\/wp\/v2\/posts\/62173\/revisions"}],"predecessor-version":[{"id":62175,"href":"https:\/\/lahora.mx\/index.php\/wp-json\/wp\/v2\/posts\/62173\/revisions\/62175"}],"wp:featuredmedia":[{"embeddable":true,"href":"https:\/\/lahora.mx\/index.php\/wp-json\/wp\/v2\/media\/62174"}],"wp:attachment":[{"href":"https:\/\/lahora.mx\/index.php\/wp-json\/wp\/v2\/media?parent=62173"}],"wp:term":[{"taxonomy":"category","embeddable":true,"href":"https:\/\/lahora.mx\/index.php\/wp-json\/wp\/v2\/categories?post=62173"},{"taxonomy":"post_tag","embeddable":true,"href":"https:\/\/lahora.mx\/index.php\/wp-json\/wp\/v2\/tags?post=62173"}],"curies":[{"name":"wp","href":"https:\/\/api.w.org\/{rel}","templated":true}]}}