{"id":62164,"date":"2025-05-11T18:46:18","date_gmt":"2025-05-11T18:46:18","guid":{"rendered":"https:\/\/lahora.mx\/?p=62164"},"modified":"2025-05-11T18:46:21","modified_gmt":"2025-05-11T18:46:21","slug":"unam-se-opone-a-reglamento-de-represion-y-se-va-a-paro-estudiantil","status":"publish","type":"post","link":"https:\/\/lahora.mx\/index.php\/2025\/05\/11\/unam-se-opone-a-reglamento-de-represion-y-se-va-a-paro-estudiantil\/","title":{"rendered":"UNAM se opone a reglamento de represi\u00f3n y se va a paro estudiantil"},"content":{"rendered":"\n<p>Desde el 21 de abril, estudiantes de distintas facultades de la Universidad Nacional Aut\u00f3noma de M\u00e9xico (UNAM) iniciaron un paro de actividades en rechazo a la reforma aprobada por el Consejo Universitario, una modificaci\u00f3n del art\u00edculo 15 del Reglamento Tribunal Universitario que contempla sanciones inmediatas como la suspensi\u00f3n o expulsi\u00f3n por actos de \u201cvandalismo\u201d o \u201cnarcomenudeo\u201d.<\/p>\n\n\n\n<p>La modificaci\u00f3n al art\u00edculo 15, cuya redacci\u00f3n no se hab\u00eda reformado en m\u00e1s de 80 a\u00f1os, se elimin\u00f3 y sustituy\u00f3 por un nuevo apartado que permite la aplicaci\u00f3n de medidas disciplinarias de suspensi\u00f3n y expulsi\u00f3n inmediata. Sin embargo, caus\u00f3 indignaci\u00f3n y fue blanco de cr\u00edticas por parte del sector estudiantil debido a la ambig\u00fcedad en las definiciones de los actos sancionables de \u201cvandalismo\u201d, abriendo la puerta a interpretaciones represivas y arbitrarias.<\/p>\n\n\n\n<p>Cambios en el reglamento no buscan restringir las libertades<br>El abogado general de la UNAM, Hugo Concha Cant\u00fa, asegur\u00f3 que la modificaci\u00f3n al reglamento busca salvaguardar \u201cla libertad creativa y de expresi\u00f3n\u201d al interior de la universidad y que la modificaci\u00f3n al art\u00edculo 15 no pretende restringir las libertades del sector estudiantil.<\/p>\n\n\n\n<p>Concha Cant\u00fa asegur\u00f3 que los cambios estructurales tambi\u00e9n est\u00e1n dirigidos al Tribunal Universitario donde las modificaciones aspiran a que el modelo disciplinario tenga una perspectiva de respeto, promoci\u00f3n, protecci\u00f3n y garant\u00eda de los derechos humanos al interior de la universidad, tal y como lo establece la Constituci\u00f3n Mexicana.<\/p>\n\n\n\n<p>\u201cEl art\u00edculo establece que cuando se trate de actos de violencia extrema se lleve en el Tribunal todo el procedimiento. No tiene nada que ver con que la universidad quiera criminalizar la protesta. Al contrario, toda la reforma lo que hace es que los derechos de los universitarios \u2013entre otros el de la libertad de protesta, los de manifestaci\u00f3n de las ideas y de expresi\u00f3n\u2013 est\u00e9n protegidos y se puedan ejercer de manera correcta\u201d puntualiz\u00f3 el abogado general de la UNAM.<\/p>\n\n\n\n<p>Aunque la normativa fue aprobada, todav\u00eda no ha entrado en vigor, pues no ha sido publicada en la Gaceta UNAM, sin embargo, los estudiantes se\u00f1alaron que sostendr\u00e1n sus respectivos paros por considerar la modificaci\u00f3n del art\u00edculo 15 como parte de una irregularidad constitucional ya que \u00abno hay una precisi\u00f3n concreta y se puede prestar a actos de represi\u00f3n\u00bb.<\/p>\n\n\n\n<p>Estudiantes de al menos cinco facultades se fueron a paro desde el pasado 21 de abril tras la modificaci\u00f3n del art\u00edculo 15 por el Tribunal Universitario. Aunque las exigencias van direccionadas al mismo rumbo, cada facultad opt\u00f3 por distintos tipos de huelga.<\/p>\n\n\n\n<p>Entre las facultades que oficializaron paro de actividades son Colegio de Ciencias y Humanidades (CCH) plantel Sur, Facultad de Econom\u00eda, Facultad de Qu\u00edmica, Facultad de Ciencias Pol\u00edticas y Sociales, entre otras.<\/p>\n\n\n\n<p>Algunas de las facultades anteriores optaron por paro de actividades indefinido, mientras unidades acad\u00e9micas, como la FAD y la FCPyS, optaron por \u201cparos culturales\u201d, en los que se realizan actividades dentro de las instalaciones, pero sin clases.<\/p>\n\n\n\n<p>Al paro de la UNAM se suman m\u00e1s demandas estudiantiles<\/p>\n\n\n\n<p>A la demanda de solicitar la revisi\u00f3n del nuevo art\u00edculo 15, los alumnos paristas de la UNAM ampliaron sus exigencias. Entre las demandas se encuentran:<\/p>\n\n\n\n<p>Definiciones claras y no punitivas de lo que se considera \u201cvandalismo\u201d<br>Acciones inmediatas y eficaces ante denuncias de violencia de g\u00e9nero<br>Comedores universitarios accesibles y subsidiados<br>Apoyo institucional a las madres buscadoras de personas desaparecidas<br>Durante las exigencias, los estudiantes insistieron en que las reformas deben realizarse con un enfoque a los derechos humanos y con participaci\u00f3n real de la comunidad universitaria, advirtiendo que las modificaciones institucionales no deben convertirse en herramientas de represi\u00f3n para la comunidad universitaria.<\/p>\n","protected":false},"excerpt":{"rendered":"<p>Desde el 21 de abril, estudiantes de distintas facultades de la Universidad Nacional Aut\u00f3noma de M\u00e9xico (UNAM) iniciaron un paro de actividades en rechazo a la reforma aprobada por el Consejo Universitario, una modificaci\u00f3n del art\u00edculo 15 del Reglamento Tribunal Universitario que contempla sanciones inmediatas como la suspensi\u00f3n o expulsi\u00f3n por actos de \u201cvandalismo\u201d o [&hellip;]<\/p>\n","protected":false},"author":4,"featured_media":62165,"comment_status":"open","ping_status":"open","sticky":false,"template":"","format":"standard","meta":{"om_disable_all_campaigns":false,"_monsterinsights_skip_tracking":false,"_monsterinsights_sitenote_active":false,"_monsterinsights_sitenote_note":"","_monsterinsights_sitenote_category":0,"footnotes":""},"categories":[176],"tags":[223],"class_list":["post-62164","post","type-post","status-publish","format-standard","has-post-thumbnail","hentry","category-nacional","tag-puebla"],"amp_enabled":true,"_links":{"self":[{"href":"https:\/\/lahora.mx\/index.php\/wp-json\/wp\/v2\/posts\/62164","targetHints":{"allow":["GET"]}}],"collection":[{"href":"https:\/\/lahora.mx\/index.php\/wp-json\/wp\/v2\/posts"}],"about":[{"href":"https:\/\/lahora.mx\/index.php\/wp-json\/wp\/v2\/types\/post"}],"author":[{"embeddable":true,"href":"https:\/\/lahora.mx\/index.php\/wp-json\/wp\/v2\/users\/4"}],"replies":[{"embeddable":true,"href":"https:\/\/lahora.mx\/index.php\/wp-json\/wp\/v2\/comments?post=62164"}],"version-history":[{"count":1,"href":"https:\/\/lahora.mx\/index.php\/wp-json\/wp\/v2\/posts\/62164\/revisions"}],"predecessor-version":[{"id":62166,"href":"https:\/\/lahora.mx\/index.php\/wp-json\/wp\/v2\/posts\/62164\/revisions\/62166"}],"wp:featuredmedia":[{"embeddable":true,"href":"https:\/\/lahora.mx\/index.php\/wp-json\/wp\/v2\/media\/62165"}],"wp:attachment":[{"href":"https:\/\/lahora.mx\/index.php\/wp-json\/wp\/v2\/media?parent=62164"}],"wp:term":[{"taxonomy":"category","embeddable":true,"href":"https:\/\/lahora.mx\/index.php\/wp-json\/wp\/v2\/categories?post=62164"},{"taxonomy":"post_tag","embeddable":true,"href":"https:\/\/lahora.mx\/index.php\/wp-json\/wp\/v2\/tags?post=62164"}],"curies":[{"name":"wp","href":"https:\/\/api.w.org\/{rel}","templated":true}]}}