{"id":62161,"date":"2025-05-11T18:44:54","date_gmt":"2025-05-11T18:44:54","guid":{"rendered":"https:\/\/lahora.mx\/?p=62161"},"modified":"2025-05-11T18:44:54","modified_gmt":"2025-05-11T18:44:54","slug":"muere-un-elemento-de-la-guardia-nacional-en-accidente-sobre-la-mexico-puebla","status":"publish","type":"post","link":"https:\/\/lahora.mx\/index.php\/2025\/05\/11\/muere-un-elemento-de-la-guardia-nacional-en-accidente-sobre-la-mexico-puebla\/","title":{"rendered":"Muere un elemento de la Guardia Nacional en accidente sobre la M\u00e9xico-Puebla"},"content":{"rendered":"\n<p>Siete elementos de la Guardia Nacional sufrieron un accidente vehicular sobre la autopista M\u00e9xico-Puebla, luego de que el veh\u00edculo en el que viajaban chocara contra el muro de contenci\u00f3n a la altura del kil\u00f3metro 104, perteneciente a Xoxtla, con direcci\u00f3n a la capital poblana.<\/p>\n\n\n\n<p>El percance ocurri\u00f3 la tarde-noche de este s\u00e1bado y fue reportado por automovilistas que transitaban por la zona, lo que gener\u00f3 la movilizaci\u00f3n de los cuerpos de emergencia.<\/p>\n\n\n\n<p>Al lugar arribaron param\u00e9dicos de Caminos y Puentes Federales (CAPUFE), quienes brindaron atenci\u00f3n a seis personas lesionadas, traslad\u00e1ndolas posteriormente al Hospital Militar en la ciudad de Puebla para su atenci\u00f3n m\u00e9dica.<\/p>\n\n\n\n<p>En el sitio, elementos de la propia Guardia Nacional realizaron el acordonamiento del \u00e1rea, ya que uno de los tripulantes perdi\u00f3 la vida dentro del veh\u00edculo.<\/p>\n\n\n\n<p>La v\u00edctima fue identificada como Jacobo, de 32 a\u00f1os y originario de San Pedro Benito Ju\u00e1rez del municipio de Atlixco.<\/p>\n\n\n\n<p>Se solicit\u00f3 la presencia de personal de la Fiscal\u00eda General del Estado (FGE) de Puebla para llevar a cabo el levantamiento del cuerpo y las diligencias correspondientes.<\/p>\n\n\n\n<p>Se confirm\u00f3 que las seis personas a bordo del veh\u00edculo eran integrantes de la Guardia Nacional. Hasta el momento, se desconocen las causas del accidente. Las autoridades competentes ser\u00e1n las encargadas de realizar las investigaciones para determinar lo ocurrido.<\/p>\n","protected":false},"excerpt":{"rendered":"<p>Siete elementos de la Guardia Nacional sufrieron un accidente vehicular sobre la autopista M\u00e9xico-Puebla, luego de que el veh\u00edculo en el que viajaban chocara contra el muro de contenci\u00f3n a la altura del kil\u00f3metro 104, perteneciente a Xoxtla, con direcci\u00f3n a la capital poblana. El percance ocurri\u00f3 la tarde-noche de este s\u00e1bado y fue reportado [&hellip;]<\/p>\n","protected":false},"author":4,"featured_media":62162,"comment_status":"open","ping_status":"open","sticky":false,"template":"","format":"standard","meta":{"om_disable_all_campaigns":false,"_monsterinsights_skip_tracking":false,"_monsterinsights_sitenote_active":false,"_monsterinsights_sitenote_note":"","_monsterinsights_sitenote_category":0,"footnotes":""},"categories":[175,226],"tags":[223],"class_list":["post-62161","post","type-post","status-publish","format-standard","has-post-thumbnail","hentry","category-local","category-policia","tag-puebla"],"amp_enabled":true,"_links":{"self":[{"href":"https:\/\/lahora.mx\/index.php\/wp-json\/wp\/v2\/posts\/62161","targetHints":{"allow":["GET"]}}],"collection":[{"href":"https:\/\/lahora.mx\/index.php\/wp-json\/wp\/v2\/posts"}],"about":[{"href":"https:\/\/lahora.mx\/index.php\/wp-json\/wp\/v2\/types\/post"}],"author":[{"embeddable":true,"href":"https:\/\/lahora.mx\/index.php\/wp-json\/wp\/v2\/users\/4"}],"replies":[{"embeddable":true,"href":"https:\/\/lahora.mx\/index.php\/wp-json\/wp\/v2\/comments?post=62161"}],"version-history":[{"count":1,"href":"https:\/\/lahora.mx\/index.php\/wp-json\/wp\/v2\/posts\/62161\/revisions"}],"predecessor-version":[{"id":62163,"href":"https:\/\/lahora.mx\/index.php\/wp-json\/wp\/v2\/posts\/62161\/revisions\/62163"}],"wp:featuredmedia":[{"embeddable":true,"href":"https:\/\/lahora.mx\/index.php\/wp-json\/wp\/v2\/media\/62162"}],"wp:attachment":[{"href":"https:\/\/lahora.mx\/index.php\/wp-json\/wp\/v2\/media?parent=62161"}],"wp:term":[{"taxonomy":"category","embeddable":true,"href":"https:\/\/lahora.mx\/index.php\/wp-json\/wp\/v2\/categories?post=62161"},{"taxonomy":"post_tag","embeddable":true,"href":"https:\/\/lahora.mx\/index.php\/wp-json\/wp\/v2\/tags?post=62161"}],"curies":[{"name":"wp","href":"https:\/\/api.w.org\/{rel}","templated":true}]}}