{"id":62158,"date":"2025-05-11T18:38:32","date_gmt":"2025-05-11T18:38:32","guid":{"rendered":"https:\/\/lahora.mx\/?p=62158"},"modified":"2025-05-11T18:38:33","modified_gmt":"2025-05-11T18:38:33","slug":"puebla-emitira-placas-provisionales-para-motociclistas-sin-costo-durante-tres-meses","status":"publish","type":"post","link":"https:\/\/lahora.mx\/index.php\/2025\/05\/11\/puebla-emitira-placas-provisionales-para-motociclistas-sin-costo-durante-tres-meses\/","title":{"rendered":"Puebla emitir\u00e1 placas provisionales para motociclistas sin costo durante tres meses"},"content":{"rendered":"\n<p>Motocilistas podr\u00e1n obtener una placa de circulaci\u00f3n provisional en los pr\u00f3ximos tres meses, que permitir\u00e1 que sus unidades tengan un registro de identidad, de modo que as\u00ed pueda ser regulado por las autoridades estatales y federales, y que transiten sin riesgo de ser infraccionados.<\/p>\n\n\n\n<p>Esto seg\u00fan el acuerdo publicado por la Secretaria de Planeaci\u00f3n, Finanzas y Administraci\u00f3n del Gobierno de Puebla, por el que se autoriza el \u201cPermiso Provisional para Circular Sin Placas\u201d, para automotores de transporte privado del servicio particular para motocicletas.<\/p>\n\n\n\n<p>Para obtenerlo, los solicitantes deber\u00e1n reunir una serie de requisitos y especificar qu\u00e9 tipo de tr\u00e1mite tienen pendiente: expedici\u00f3n, reposici\u00f3n o canje de placas de circulaci\u00f3n para motocicletas.<\/p>\n\n\n\n<p>En este caso, la entrega de las placas provisionales de circulaci\u00f3n ser\u00e1 sin costo, excepto si el contribuyente se vaya a dar por primera vez de alta en el Registro Estatal Vehicular, ya que deber\u00e1 pagar el control vehicular y, en los casos que proceda, del Impuesto Sobre Tenencia o Uso de Veh\u00edculos y de sus accesorios.<\/p>\n\n\n\n<p>De acuerdo con la dependencia estatal, se trata de un permiso provisional, mientras adquieren sus placas definitivas, y las personas f\u00edsicas o morales podr\u00e1n tramitarlo presentando la siguiente documentaci\u00f3n.<\/p>\n\n\n\n<p>Estar al corriente en el cumplimiento del pago de las contribuciones vehiculares a su cargo, al momento de solicitar la prestaci\u00f3n de estos servicios.<br>No tener cr\u00e9ditos fiscales pendientes de pago, provenientes de sanciones por no respetar los l\u00edmites de velocidad establecidos para las v\u00edas p\u00fablicas en las que se encuentre cualquier dispositivo o medio tecnol\u00f3gico de captaci\u00f3n de infracciones.<br>En el supuesto de que no se haya realizado el pago de las contribuciones vehiculares o aprovechamientos a que se encuentre obligado por el automotor materia del tr\u00e1mite o movimiento solicitado, el contribuyente deber\u00e1 realizarlo en el mismo acto.<\/p>\n\n\n\n<p>Los tr\u00e1mites pueden realizarse en las oficinas centrales de la Secretar\u00eda de Planeaci\u00f3n y Finanzas, as\u00ed como en los Centros Integral de Servicios (CIS) en la ciudad de Puebla y en el interior del estado.<\/p>\n\n\n\n<p>Oficina de Finanzas en la 11 Oriente n\u00famero 2224, colonia Azc\u00e1rate<br>Unidad Integral de Servicios El Alto (UNIS). 8 Oriente n\u00famero 1007, Barrio El Alto.<br>CIS Angel\u00f3polis. V\u00eda Atlixc\u00e1yotl n\u00famero 1101, Planta Baja, Edificio Sur.<br>CIS San Javier. Avenida Reforma n\u00famero 1305, colonia Centro en Puebla.<br>Este a\u00f1o, desde el Congreso del Estado se ha querido regular la circulaci\u00f3n de motociclistas, a fin de que puedan estar plenamente identificado con el n\u00famero de su placa. Esto debido a que muchos de los delitos que se comenten en la entidad, son abordo de este medio de transporte.<\/p>\n\n\n\n<p>Actualmente se calcula que hay unas 140 mil motocicletas en Puebla, pero s\u00f3lo el 14.3% est\u00e1n reguladas. Mientras que hay municipios como Zacatl\u00e1n, Acatl\u00e1n, Iz\u00facar de Matamoros, Atlixco y Puebla, donde bandas criminales ocupan las motocicletas para robos a transe\u00fantes, casa, comercios y narcomenudeo.<\/p>\n","protected":false},"excerpt":{"rendered":"<p>Motocilistas podr\u00e1n obtener una placa de circulaci\u00f3n provisional en los pr\u00f3ximos tres meses, que permitir\u00e1 que sus unidades tengan un registro de identidad, de modo que as\u00ed pueda ser regulado por las autoridades estatales y federales, y que transiten sin riesgo de ser infraccionados. Esto seg\u00fan el acuerdo publicado por la Secretaria de Planeaci\u00f3n, Finanzas [&hellip;]<\/p>\n","protected":false},"author":4,"featured_media":62159,"comment_status":"open","ping_status":"open","sticky":false,"template":"","format":"standard","meta":{"om_disable_all_campaigns":false,"_monsterinsights_skip_tracking":false,"_monsterinsights_sitenote_active":false,"_monsterinsights_sitenote_note":"","_monsterinsights_sitenote_category":0,"footnotes":""},"categories":[175],"tags":[195,223],"class_list":["post-62158","post","type-post","status-publish","format-standard","has-post-thumbnail","hentry","category-local","tag-principal","tag-puebla"],"amp_enabled":true,"_links":{"self":[{"href":"https:\/\/lahora.mx\/index.php\/wp-json\/wp\/v2\/posts\/62158","targetHints":{"allow":["GET"]}}],"collection":[{"href":"https:\/\/lahora.mx\/index.php\/wp-json\/wp\/v2\/posts"}],"about":[{"href":"https:\/\/lahora.mx\/index.php\/wp-json\/wp\/v2\/types\/post"}],"author":[{"embeddable":true,"href":"https:\/\/lahora.mx\/index.php\/wp-json\/wp\/v2\/users\/4"}],"replies":[{"embeddable":true,"href":"https:\/\/lahora.mx\/index.php\/wp-json\/wp\/v2\/comments?post=62158"}],"version-history":[{"count":1,"href":"https:\/\/lahora.mx\/index.php\/wp-json\/wp\/v2\/posts\/62158\/revisions"}],"predecessor-version":[{"id":62160,"href":"https:\/\/lahora.mx\/index.php\/wp-json\/wp\/v2\/posts\/62158\/revisions\/62160"}],"wp:featuredmedia":[{"embeddable":true,"href":"https:\/\/lahora.mx\/index.php\/wp-json\/wp\/v2\/media\/62159"}],"wp:attachment":[{"href":"https:\/\/lahora.mx\/index.php\/wp-json\/wp\/v2\/media?parent=62158"}],"wp:term":[{"taxonomy":"category","embeddable":true,"href":"https:\/\/lahora.mx\/index.php\/wp-json\/wp\/v2\/categories?post=62158"},{"taxonomy":"post_tag","embeddable":true,"href":"https:\/\/lahora.mx\/index.php\/wp-json\/wp\/v2\/tags?post=62158"}],"curies":[{"name":"wp","href":"https:\/\/api.w.org\/{rel}","templated":true}]}}