{"id":62155,"date":"2025-05-11T18:30:55","date_gmt":"2025-05-11T18:30:55","guid":{"rendered":"https:\/\/lahora.mx\/?p=62155"},"modified":"2025-05-11T18:30:56","modified_gmt":"2025-05-11T18:30:56","slug":"muere-el-loco-relacionado-con-ataque-a-policias-municipales-de-tepeojuma","status":"publish","type":"post","link":"https:\/\/lahora.mx\/index.php\/2025\/05\/11\/muere-el-loco-relacionado-con-ataque-a-policias-municipales-de-tepeojuma\/","title":{"rendered":"Muere El Loco, relacionado con ataque a polic\u00edas municipales de Tepeojuma"},"content":{"rendered":"\n<p>En un intento de huir de las autoridades, Alfredo, \u2018El Loco\u2019, vinculado con el grupo delictivo de \u2018Los Pila\u2019, muri\u00f3 cuando derrap\u00f3 en una motocicleta en el municipio de Tlapanal\u00e1; el sujeto estaba relacionado con un ataque a polic\u00edas municipales de Tepeojuma.<\/p>\n\n\n\n<p>La tarde del 10 de mayo, \u2018El Loco\u2019 era perseguido por polic\u00edas municipales, quienes recibieron el reporte de dos asaltos en la comunidad de Santo Domingo Ayotlicha.<\/p>\n\n\n\n<p>Al ser ubicado, Alfredo \u2018El Loco\u2019 intent\u00f3 escapar de las autoridades, pero perdi\u00f3 el control cuando lleg\u00f3 a la curva de la carretera hacia Tlapanal\u00e1. Despu\u00e9s de que derrap\u00f3, la patrulla de la polic\u00eda se impact\u00f3 contra la barda de una vivienda.<\/p>\n\n\n\n<p>Al sitio tambi\u00e9n llegaron param\u00e9dicos, quienes diagnosticaron que Alfredo \u2018El Loco\u2019, de 33 a\u00f1os de edad, ya no contaba con signos vitales y brindaron atenci\u00f3n prehospitalaria a un polic\u00eda.<\/p>\n\n\n\n<p>De acuerdo con habitantes de la zona, \u2018El Loco\u2019 particip\u00f3 en el ataque a polic\u00edas que realizaban un rond\u00edn en la colonia San Francisco del municipio de Tepeojuma. Tambi\u00e9n dijeron que estaba relacionado con un grupo delictivo conocido como \u2018Los Pila\u2019.<\/p>\n\n\n\n<p>Seg\u00fan sus testimonios, \u2018Los Pila\u2019 est\u00e1n vinculados con el ataque que sufri\u00f3 una mujer en un sal\u00f3n de belleza cercano al Campo Deportivo Irineo V\u00e1zquez y con las lesiones que le causaron a un hombre baleado en la comunidad La Magdalena, hechos que ocurrieron el 3 de mayo.<\/p>\n\n\n\n<p>El 23 de abril, el presidente municipal de Tepeojuma, Gustavo S\u00e1nchez Marti\u00f1\u00f3n, result\u00f3 ileso de un ataque cuando regresaba de la feria patronal de Santa Mar\u00eda Zoyatla.<\/p>\n\n\n\n<p>D\u00edas antes, fue ejecutado Rodrigo, \u2018El Ejote\u2019, quien fue excandidato a la presidencia municipal de Tepeojuma por el partido Movimiento Ciudadano, cuando se encontraba haciendo base en un sitio de mototaxis.<\/p>\n","protected":false},"excerpt":{"rendered":"<p>En un intento de huir de las autoridades, Alfredo, \u2018El Loco\u2019, vinculado con el grupo delictivo de \u2018Los Pila\u2019, muri\u00f3 cuando derrap\u00f3 en una motocicleta en el municipio de Tlapanal\u00e1; el sujeto estaba relacionado con un ataque a polic\u00edas municipales de Tepeojuma. La tarde del 10 de mayo, \u2018El Loco\u2019 era perseguido por polic\u00edas municipales, [&hellip;]<\/p>\n","protected":false},"author":4,"featured_media":62156,"comment_status":"open","ping_status":"open","sticky":false,"template":"","format":"standard","meta":{"om_disable_all_campaigns":false,"_monsterinsights_skip_tracking":false,"_monsterinsights_sitenote_active":false,"_monsterinsights_sitenote_note":"","_monsterinsights_sitenote_category":0,"footnotes":""},"categories":[175,226],"tags":[223],"class_list":["post-62155","post","type-post","status-publish","format-standard","has-post-thumbnail","hentry","category-local","category-policia","tag-puebla"],"amp_enabled":true,"_links":{"self":[{"href":"https:\/\/lahora.mx\/index.php\/wp-json\/wp\/v2\/posts\/62155","targetHints":{"allow":["GET"]}}],"collection":[{"href":"https:\/\/lahora.mx\/index.php\/wp-json\/wp\/v2\/posts"}],"about":[{"href":"https:\/\/lahora.mx\/index.php\/wp-json\/wp\/v2\/types\/post"}],"author":[{"embeddable":true,"href":"https:\/\/lahora.mx\/index.php\/wp-json\/wp\/v2\/users\/4"}],"replies":[{"embeddable":true,"href":"https:\/\/lahora.mx\/index.php\/wp-json\/wp\/v2\/comments?post=62155"}],"version-history":[{"count":1,"href":"https:\/\/lahora.mx\/index.php\/wp-json\/wp\/v2\/posts\/62155\/revisions"}],"predecessor-version":[{"id":62157,"href":"https:\/\/lahora.mx\/index.php\/wp-json\/wp\/v2\/posts\/62155\/revisions\/62157"}],"wp:featuredmedia":[{"embeddable":true,"href":"https:\/\/lahora.mx\/index.php\/wp-json\/wp\/v2\/media\/62156"}],"wp:attachment":[{"href":"https:\/\/lahora.mx\/index.php\/wp-json\/wp\/v2\/media?parent=62155"}],"wp:term":[{"taxonomy":"category","embeddable":true,"href":"https:\/\/lahora.mx\/index.php\/wp-json\/wp\/v2\/categories?post=62155"},{"taxonomy":"post_tag","embeddable":true,"href":"https:\/\/lahora.mx\/index.php\/wp-json\/wp\/v2\/tags?post=62155"}],"curies":[{"name":"wp","href":"https:\/\/api.w.org\/{rel}","templated":true}]}}