{"id":62152,"date":"2025-05-11T18:29:42","date_gmt":"2025-05-11T18:29:42","guid":{"rendered":"https:\/\/lahora.mx\/?p=62152"},"modified":"2025-05-11T18:29:43","modified_gmt":"2025-05-11T18:29:43","slug":"ee-uu-revoca-visas-a-gobernadora-de-baja-california-y-su-esposo-carlos-torres","status":"publish","type":"post","link":"https:\/\/lahora.mx\/index.php\/2025\/05\/11\/ee-uu-revoca-visas-a-gobernadora-de-baja-california-y-su-esposo-carlos-torres\/","title":{"rendered":"EE.UU revoca visas a Gobernadora de Baja California y su esposo, Carlos Torres"},"content":{"rendered":"\n<p>La noche del s\u00e1bado 10 de mayo, la gobernadora de Baja California, Marina del Pilar \u00c1vila Olmeda, y su esposo, Carlos Torres, informaron que el gobierno de Estados Unidos les revoc\u00f3 las visas de turista. Ambos compartieron la noticia a trav\u00e9s de sus cuentas oficiales de Facebook, sin que hasta el momento las autoridades estadounidenses hayan dado a conocer p\u00fablicamente los motivos de la decisi\u00f3n.<\/p>\n\n\n\n<p>Carlos Torres, abogado de 49 a\u00f1os y actual encargado de proyectos estrat\u00e9gicos en Mexicali y Tijuana dentro del gobierno estatal, aclar\u00f3 que se trata de una medida administrativa del Departamento de Estado que no implica acusaci\u00f3n, investigaci\u00f3n ni se\u00f1alamiento legal alguno. A\u00f1adi\u00f3 que ya consulta con un especialista en derecho migratorio internacional para revertir la cancelaci\u00f3n o solicitar una nueva visa.<\/p>\n\n\n\n<p>En su publicaci\u00f3n, Torres lament\u00f3 que la revocaci\u00f3n tambi\u00e9n afectara a su esposa, aunque destac\u00f3 su serenidad ante los hechos. En mayo de 2024, circul\u00f3 la versi\u00f3n de que \u00e9l habr\u00eda sido detenido en la frontera por presunto lavado de dinero, aunque esa informaci\u00f3n nunca fue confirmada y posteriormente fue desmentida por el propio Torres durante un acto oficial.<\/p>\n\n\n\n<p>Torres ha militado en Morena y anteriormente en el PAN, donde fue dirigente juvenil, diputado federal (2006-2009), diputado local (2016-2019) y candidato a la alcald\u00eda de Tijuana en 2010, elecci\u00f3n que perdi\u00f3 frente al priista Carlos Bustamante.<\/p>\n\n\n\n<p>Aunque las razones de la revocaci\u00f3n no se han hecho p\u00fablicas, entre los motivos por los que EE.UU. puede cancelar una visa est\u00e1n violaciones a los t\u00e9rminos de la misma, actividades ilegales, antecedentes penales o consideraciones de seguridad nacional.<\/p>\n","protected":false},"excerpt":{"rendered":"<p>La noche del s\u00e1bado 10 de mayo, la gobernadora de Baja California, Marina del Pilar \u00c1vila Olmeda, y su esposo, Carlos Torres, informaron que el gobierno de Estados Unidos les revoc\u00f3 las visas de turista. Ambos compartieron la noticia a trav\u00e9s de sus cuentas oficiales de Facebook, sin que hasta el momento las autoridades estadounidenses [&hellip;]<\/p>\n","protected":false},"author":4,"featured_media":62153,"comment_status":"open","ping_status":"open","sticky":false,"template":"","format":"standard","meta":{"om_disable_all_campaigns":false,"_monsterinsights_skip_tracking":false,"_monsterinsights_sitenote_active":false,"_monsterinsights_sitenote_note":"","_monsterinsights_sitenote_category":0,"footnotes":""},"categories":[176],"tags":[],"class_list":["post-62152","post","type-post","status-publish","format-standard","has-post-thumbnail","hentry","category-nacional"],"amp_enabled":true,"_links":{"self":[{"href":"https:\/\/lahora.mx\/index.php\/wp-json\/wp\/v2\/posts\/62152","targetHints":{"allow":["GET"]}}],"collection":[{"href":"https:\/\/lahora.mx\/index.php\/wp-json\/wp\/v2\/posts"}],"about":[{"href":"https:\/\/lahora.mx\/index.php\/wp-json\/wp\/v2\/types\/post"}],"author":[{"embeddable":true,"href":"https:\/\/lahora.mx\/index.php\/wp-json\/wp\/v2\/users\/4"}],"replies":[{"embeddable":true,"href":"https:\/\/lahora.mx\/index.php\/wp-json\/wp\/v2\/comments?post=62152"}],"version-history":[{"count":1,"href":"https:\/\/lahora.mx\/index.php\/wp-json\/wp\/v2\/posts\/62152\/revisions"}],"predecessor-version":[{"id":62154,"href":"https:\/\/lahora.mx\/index.php\/wp-json\/wp\/v2\/posts\/62152\/revisions\/62154"}],"wp:featuredmedia":[{"embeddable":true,"href":"https:\/\/lahora.mx\/index.php\/wp-json\/wp\/v2\/media\/62153"}],"wp:attachment":[{"href":"https:\/\/lahora.mx\/index.php\/wp-json\/wp\/v2\/media?parent=62152"}],"wp:term":[{"taxonomy":"category","embeddable":true,"href":"https:\/\/lahora.mx\/index.php\/wp-json\/wp\/v2\/categories?post=62152"},{"taxonomy":"post_tag","embeddable":true,"href":"https:\/\/lahora.mx\/index.php\/wp-json\/wp\/v2\/tags?post=62152"}],"curies":[{"name":"wp","href":"https:\/\/api.w.org\/{rel}","templated":true}]}}