{"id":62149,"date":"2025-05-11T18:24:35","date_gmt":"2025-05-11T18:24:35","guid":{"rendered":"https:\/\/lahora.mx\/?p=62149"},"modified":"2025-05-11T18:24:35","modified_gmt":"2025-05-11T18:24:35","slug":"el-gobernador-armenta-recorre-la-feria-y-regala-rosas-a-todas-las-mamas","status":"publish","type":"post","link":"https:\/\/lahora.mx\/index.php\/2025\/05\/11\/el-gobernador-armenta-recorre-la-feria-y-regala-rosas-a-todas-las-mamas\/","title":{"rendered":"El gobernador Armenta recorre la Feria y regala rosas a todas las Mam\u00e1s"},"content":{"rendered":"\n<p>La Feria de Puebla 2025 comenz\u00f3 el 24 de abril y culminar\u00e1 el 11 de mayo, ha recibido m\u00e1s de un mill\u00f3n de visitas, se trata de una de las feria m\u00e1s concurridas y grandes del pa\u00eds, ofreciendo una gran cartelera sin dejar atr\u00e1s la experiencia cultural, gastron\u00f3mica y de entretenimiento que sus espectadores han disfrutado.<\/p>\n\n\n\n<p>Cabe mencionar que la Feria Poblana ha contado con la presencia de visitantes distintas regiones del pa\u00eds para disfrutar de los espect\u00e1culos del Palenque y el Teatro del Pueblo, as\u00ed como en los eventos que se prepararon con gran dedicaci\u00f3n y cuidado.<\/p>\n\n\n\n<p>Este 10 de mayo, para celebrar y reconocer la gran labor de las madres, el Gobernador Alejandro Armenta recorri\u00f3 el recinto, entreg\u00f3 rosas y boletos a las mam\u00e1s como gesto de cari\u00f1o y reconocimiento.<\/p>\n\n\n\n<p>Se le not\u00f3 muy entusiasta durante su visita, adem\u00e1s de recorrer todo el lugar, se tom\u00f3 algunas fotos e invit\u00f3 a las y los poblanos a vivir esta gran fiesta llena de tradici\u00f3n, cultura y alegr\u00eda que casi llega a su culminaci\u00f3n, sin embargo, todos los d\u00edas hay que festejar y sentirse orgulloso, porque qu\u00e9 grande es ser poblano.<\/p>\n\n\n\n<p>A\u00f1o con a\u00f1o la Feria de Puebla est\u00e1 llena de tradici\u00f3n y siempre manteniendo su esencia, al mismo tiempo que incorpora novedades para el disfrute de los asistentes.<\/p>\n","protected":false},"excerpt":{"rendered":"<p>La Feria de Puebla 2025 comenz\u00f3 el 24 de abril y culminar\u00e1 el 11 de mayo, ha recibido m\u00e1s de un mill\u00f3n de visitas, se trata de una de las feria m\u00e1s concurridas y grandes del pa\u00eds, ofreciendo una gran cartelera sin dejar atr\u00e1s la experiencia cultural, gastron\u00f3mica y de entretenimiento que sus espectadores han [&hellip;]<\/p>\n","protected":false},"author":4,"featured_media":62150,"comment_status":"open","ping_status":"open","sticky":false,"template":"","format":"standard","meta":{"om_disable_all_campaigns":false,"_monsterinsights_skip_tracking":false,"_monsterinsights_sitenote_active":false,"_monsterinsights_sitenote_note":"","_monsterinsights_sitenote_category":0,"footnotes":""},"categories":[175],"tags":[239,195,223],"class_list":["post-62149","post","type-post","status-publish","format-standard","has-post-thumbnail","hentry","category-local","tag-gobierno","tag-principal","tag-puebla"],"amp_enabled":true,"_links":{"self":[{"href":"https:\/\/lahora.mx\/index.php\/wp-json\/wp\/v2\/posts\/62149","targetHints":{"allow":["GET"]}}],"collection":[{"href":"https:\/\/lahora.mx\/index.php\/wp-json\/wp\/v2\/posts"}],"about":[{"href":"https:\/\/lahora.mx\/index.php\/wp-json\/wp\/v2\/types\/post"}],"author":[{"embeddable":true,"href":"https:\/\/lahora.mx\/index.php\/wp-json\/wp\/v2\/users\/4"}],"replies":[{"embeddable":true,"href":"https:\/\/lahora.mx\/index.php\/wp-json\/wp\/v2\/comments?post=62149"}],"version-history":[{"count":1,"href":"https:\/\/lahora.mx\/index.php\/wp-json\/wp\/v2\/posts\/62149\/revisions"}],"predecessor-version":[{"id":62151,"href":"https:\/\/lahora.mx\/index.php\/wp-json\/wp\/v2\/posts\/62149\/revisions\/62151"}],"wp:featuredmedia":[{"embeddable":true,"href":"https:\/\/lahora.mx\/index.php\/wp-json\/wp\/v2\/media\/62150"}],"wp:attachment":[{"href":"https:\/\/lahora.mx\/index.php\/wp-json\/wp\/v2\/media?parent=62149"}],"wp:term":[{"taxonomy":"category","embeddable":true,"href":"https:\/\/lahora.mx\/index.php\/wp-json\/wp\/v2\/categories?post=62149"},{"taxonomy":"post_tag","embeddable":true,"href":"https:\/\/lahora.mx\/index.php\/wp-json\/wp\/v2\/tags?post=62149"}],"curies":[{"name":"wp","href":"https:\/\/api.w.org\/{rel}","templated":true}]}}