{"id":62146,"date":"2025-05-11T18:22:04","date_gmt":"2025-05-11T18:22:04","guid":{"rendered":"https:\/\/lahora.mx\/?p=62146"},"modified":"2025-05-11T18:22:04","modified_gmt":"2025-05-11T18:22:04","slug":"madres-buscadoras-marchan-en-la-cdmx-no-hay-nada-que-celebrar","status":"publish","type":"post","link":"https:\/\/lahora.mx\/index.php\/2025\/05\/11\/madres-buscadoras-marchan-en-la-cdmx-no-hay-nada-que-celebrar\/","title":{"rendered":"Madres buscadoras marchan en la CDMX: \u201cNo hay nada que celebrar\u00bb"},"content":{"rendered":"\n<p>En el marco del D\u00eda de las Madres, m\u00e1s de mil familiares de personas desaparecidas se congregaron en la avenida Paseo de la Reforma de la Ciudad de M\u00e9xico para exigir justicia y visibilizar la crisis humanitaria que enfrenta el pa\u00eds.<\/p>\n\n\n\n<p>Con pancartas, fotograf\u00edas y fichas de b\u00fasqueda, las madres buscadoras cerraron la emblem\u00e1tica v\u00eda capitalina, recordando a sus seres queridos ausentes y denunciando la inacci\u00f3n de las autoridades.<\/p>\n\n\n\n<p>\u00abNo hay nada que celebrar en un pa\u00eds con m\u00e1s de 125 mil desaparecidos\u00bb, fue la consigna que reson\u00f3 durante la manifestaci\u00f3n. Las participantes, provenientes de diversos estados de la Rep\u00fablica, expresaron su dolor y frustraci\u00f3n ante la falta de respuestas por parte del gobierno.<\/p>\n\n\n\n<p>\u00abCada 10 de mayo es un recordatorio de la ausencia de nuestros hijos. No queremos flores ni regalos, queremos justicia\u00bb, declar\u00f3 una de las madres presentes.<\/p>\n\n\n\n<p>La marcha tambi\u00e9n sirvi\u00f3 para denunciar las amenazas y agresiones que enfrentan las madres buscadoras en su labor. \u00abVivimos m\u00e1s atemorizadas que nunca porque estamos m\u00e1s perseguidas\u00bb, afirm\u00f3 una integrante de un colectivo de b\u00fasqueda.<\/p>\n\n\n\n<p>Estas mujeres, que han asumido la tarea de localizar a sus familiares ante la omisi\u00f3n de las autoridades, han sido v\u00edctimas de hostigamiento por parte del crimen organizado y, en algunos casos, de las propias instituciones del Estado.<\/p>\n\n\n\n<p>La manifestaci\u00f3n culmin\u00f3 con un llamado urgente a las autoridades federales y estatales para que se implementen pol\u00edticas efectivas en la b\u00fasqueda de personas desaparecidas y se garantice la seguridad de quienes realizan esta labor. \u00abNo descansaremos hasta encontrarles. Nuestra lucha es por la verdad y la justicia\u00bb, concluy\u00f3 una de las l\u00edderes del movimiento.<\/p>\n\n\n\n<p>La crisis de desapariciones en M\u00e9xico contin\u00faa siendo una de las problem\u00e1ticas m\u00e1s graves en materia de derechos humanos, con m\u00e1s de 125 mil personas desaparecidas registradas hasta la fecha.<\/p>\n","protected":false},"excerpt":{"rendered":"<p>En el marco del D\u00eda de las Madres, m\u00e1s de mil familiares de personas desaparecidas se congregaron en la avenida Paseo de la Reforma de la Ciudad de M\u00e9xico para exigir justicia y visibilizar la crisis humanitaria que enfrenta el pa\u00eds. Con pancartas, fotograf\u00edas y fichas de b\u00fasqueda, las madres buscadoras cerraron la emblem\u00e1tica v\u00eda [&hellip;]<\/p>\n","protected":false},"author":4,"featured_media":62147,"comment_status":"open","ping_status":"open","sticky":false,"template":"","format":"standard","meta":{"om_disable_all_campaigns":false,"_monsterinsights_skip_tracking":false,"_monsterinsights_sitenote_active":false,"_monsterinsights_sitenote_note":"","_monsterinsights_sitenote_category":0,"footnotes":""},"categories":[176],"tags":[195],"class_list":["post-62146","post","type-post","status-publish","format-standard","has-post-thumbnail","hentry","category-nacional","tag-principal"],"amp_enabled":true,"_links":{"self":[{"href":"https:\/\/lahora.mx\/index.php\/wp-json\/wp\/v2\/posts\/62146","targetHints":{"allow":["GET"]}}],"collection":[{"href":"https:\/\/lahora.mx\/index.php\/wp-json\/wp\/v2\/posts"}],"about":[{"href":"https:\/\/lahora.mx\/index.php\/wp-json\/wp\/v2\/types\/post"}],"author":[{"embeddable":true,"href":"https:\/\/lahora.mx\/index.php\/wp-json\/wp\/v2\/users\/4"}],"replies":[{"embeddable":true,"href":"https:\/\/lahora.mx\/index.php\/wp-json\/wp\/v2\/comments?post=62146"}],"version-history":[{"count":1,"href":"https:\/\/lahora.mx\/index.php\/wp-json\/wp\/v2\/posts\/62146\/revisions"}],"predecessor-version":[{"id":62148,"href":"https:\/\/lahora.mx\/index.php\/wp-json\/wp\/v2\/posts\/62146\/revisions\/62148"}],"wp:featuredmedia":[{"embeddable":true,"href":"https:\/\/lahora.mx\/index.php\/wp-json\/wp\/v2\/media\/62147"}],"wp:attachment":[{"href":"https:\/\/lahora.mx\/index.php\/wp-json\/wp\/v2\/media?parent=62146"}],"wp:term":[{"taxonomy":"category","embeddable":true,"href":"https:\/\/lahora.mx\/index.php\/wp-json\/wp\/v2\/categories?post=62146"},{"taxonomy":"post_tag","embeddable":true,"href":"https:\/\/lahora.mx\/index.php\/wp-json\/wp\/v2\/tags?post=62146"}],"curies":[{"name":"wp","href":"https:\/\/api.w.org\/{rel}","templated":true}]}}