{"id":62143,"date":"2025-05-11T18:20:40","date_gmt":"2025-05-11T18:20:40","guid":{"rendered":"https:\/\/lahora.mx\/?p=62143"},"modified":"2025-05-11T18:20:41","modified_gmt":"2025-05-11T18:20:41","slug":"asesinan-a-regidor-en-oaxaca-durante-entrega-de-regalos-por-dia-de-las-madres","status":"publish","type":"post","link":"https:\/\/lahora.mx\/index.php\/2025\/05\/11\/asesinan-a-regidor-en-oaxaca-durante-entrega-de-regalos-por-dia-de-las-madres\/","title":{"rendered":"Asesinan a regidor en Oaxaca durante entrega de regalos por D\u00eda de las Madres"},"content":{"rendered":"\n<p>David Castillejos Cruz, regidor de Educaci\u00f3n del municipio de Santiago Niltepec, Oaxaca, fue asesinado a balazos la tarde del s\u00e1bado 10 de mayo mientras participaba en una actividad p\u00fablica por el D\u00eda de las Madres.<\/p>\n\n\n\n<p>El ataque ocurri\u00f3 en la comunidad de Santo Domingo de Guzm\u00e1n, perteneciente a esta demarcaci\u00f3n del Istmo de Tehuantepec.<\/p>\n\n\n\n<p>El funcionario, quien tambi\u00e9n fue candidato a la presidencia municipal por el Partido del Trabajo (PT) en las elecciones de 2024, se encontraba entregando obsequios a madres de familia, acompa\u00f1ado por su hija, cuando fue interceptado por sujetos armados que le dispararon a quemarropa.<\/p>\n\n\n\n<p>Seg\u00fan los primeros reportes, recibi\u00f3 al menos cinco impactos de bala por la espalda. Aunque fue trasladado de inmediato al hospital por sus propios familiares, lamentablemente perdi\u00f3 la vida minutos despu\u00e9s debido a la gravedad de las heridas.<\/p>\n\n\n\n<p>Las autoridades no han emitido informaci\u00f3n sobre los posibles responsables ni acerca de los motivos del ataque. El Ayuntamiento de Santiago Niltepec expres\u00f3 sus condolencias a trav\u00e9s de una esquela en redes sociales, sin proporcionar detalles adicionales sobre el suceso.<\/p>\n","protected":false},"excerpt":{"rendered":"<p>David Castillejos Cruz, regidor de Educaci\u00f3n del municipio de Santiago Niltepec, Oaxaca, fue asesinado a balazos la tarde del s\u00e1bado 10 de mayo mientras participaba en una actividad p\u00fablica por el D\u00eda de las Madres. El ataque ocurri\u00f3 en la comunidad de Santo Domingo de Guzm\u00e1n, perteneciente a esta demarcaci\u00f3n del Istmo de Tehuantepec. El [&hellip;]<\/p>\n","protected":false},"author":4,"featured_media":62144,"comment_status":"open","ping_status":"open","sticky":false,"template":"","format":"standard","meta":{"om_disable_all_campaigns":false,"_monsterinsights_skip_tracking":false,"_monsterinsights_sitenote_active":false,"_monsterinsights_sitenote_note":"","_monsterinsights_sitenote_category":0,"footnotes":""},"categories":[175,226],"tags":[223],"class_list":["post-62143","post","type-post","status-publish","format-standard","has-post-thumbnail","hentry","category-local","category-policia","tag-puebla"],"amp_enabled":true,"_links":{"self":[{"href":"https:\/\/lahora.mx\/index.php\/wp-json\/wp\/v2\/posts\/62143","targetHints":{"allow":["GET"]}}],"collection":[{"href":"https:\/\/lahora.mx\/index.php\/wp-json\/wp\/v2\/posts"}],"about":[{"href":"https:\/\/lahora.mx\/index.php\/wp-json\/wp\/v2\/types\/post"}],"author":[{"embeddable":true,"href":"https:\/\/lahora.mx\/index.php\/wp-json\/wp\/v2\/users\/4"}],"replies":[{"embeddable":true,"href":"https:\/\/lahora.mx\/index.php\/wp-json\/wp\/v2\/comments?post=62143"}],"version-history":[{"count":1,"href":"https:\/\/lahora.mx\/index.php\/wp-json\/wp\/v2\/posts\/62143\/revisions"}],"predecessor-version":[{"id":62145,"href":"https:\/\/lahora.mx\/index.php\/wp-json\/wp\/v2\/posts\/62143\/revisions\/62145"}],"wp:featuredmedia":[{"embeddable":true,"href":"https:\/\/lahora.mx\/index.php\/wp-json\/wp\/v2\/media\/62144"}],"wp:attachment":[{"href":"https:\/\/lahora.mx\/index.php\/wp-json\/wp\/v2\/media?parent=62143"}],"wp:term":[{"taxonomy":"category","embeddable":true,"href":"https:\/\/lahora.mx\/index.php\/wp-json\/wp\/v2\/categories?post=62143"},{"taxonomy":"post_tag","embeddable":true,"href":"https:\/\/lahora.mx\/index.php\/wp-json\/wp\/v2\/tags?post=62143"}],"curies":[{"name":"wp","href":"https:\/\/api.w.org\/{rel}","templated":true}]}}