{"id":62134,"date":"2025-05-10T01:58:30","date_gmt":"2025-05-10T01:58:30","guid":{"rendered":"https:\/\/lahora.mx\/?p=62134"},"modified":"2025-05-10T01:58:31","modified_gmt":"2025-05-10T01:58:31","slug":"pepe-chedraui-encabezo-la-instalacion-y-toma-de-protesta-del-comite-de-analisis-tecnico-juridico-del-municipio-de-puebla","status":"publish","type":"post","link":"https:\/\/lahora.mx\/index.php\/2025\/05\/10\/pepe-chedraui-encabezo-la-instalacion-y-toma-de-protesta-del-comite-de-analisis-tecnico-juridico-del-municipio-de-puebla\/","title":{"rendered":"Pepe Chedraui encabez\u00f3 la Instalaci\u00f3n y Toma de Protesta del Comit\u00e9 de An\u00e1lisis T\u00e9cnico-Jur\u00eddico del Municipio de Puebla"},"content":{"rendered":"\n<p>Con el objetivo de reafirmar el compromiso con el fortalecimiento del Estado de Derecho y la cultura de la legalidad en el \u00e1mbito local, el presidente municipal, Pepe Chedraui Budib, encabez\u00f3 la instalaci\u00f3n y toma de protesta del Comit\u00e9 de An\u00e1lisis T\u00e9cnico-Jur\u00eddico del Municipio de Puebla,<\/p>\n\n\n\n<p>Este Comit\u00e9 fungir\u00e1 como un \u00f3rgano t\u00e9cnico y de consulta, encargado de analizar, estudiar y proponer acciones en materia jur\u00eddica, con el objetivo de garantizar la actualizaci\u00f3n, interpretaci\u00f3n y aplicaci\u00f3n uniforme del marco jur\u00eddico municipal. Su labor ser\u00e1 clave para promover pr\u00e1cticas legales s\u00f3lidas que refuercen la gobernabilidad y la confianza ciudadana en las instituciones p\u00fablicas.<\/p>\n\n\n\n<p>Durante el evento, el presidente municipal, expres\u00f3 que contar con un comit\u00e9 de an\u00e1lisis ayudar\u00e1 a mejorar la eficiencia de la administraci\u00f3n p\u00fablica para promover la justicia social y la atenci\u00f3n oportuna a la ciudadan\u00eda como lo ha hecho el gobernador Alejandro Armenta.<\/p>\n\n\n\n<p>\u201cEn las sesiones que sostendremos a lo largo del a\u00f1o, con la participaci\u00f3n de los titulares de las \u00e1reas y unidades jur\u00eddicas de la administraci\u00f3n p\u00fablica municipal, se analizar\u00e1n y propondr\u00e1n posibles acciones en materia jur\u00eddica que permitan la actualizaci\u00f3n y aplicaci\u00f3n uniforme del marco jur\u00eddico que rige a nuestro municipio\u201d, puntualiz\u00f3.<\/p>\n\n\n\n<p>Enrique Ju\u00e1rez Vasconcelos, consejero Jur\u00eddico de la Oficina de Presidencia, quien asume la responsabilidad como presidente de este \u00f3rgano, destac\u00f3 la importancia de contar con mecanismos que permitan fortalecer el marco jur\u00eddico local, asegurando que las normas y reglamentos est\u00e9n alineados con las necesidades actuales del municipio. Asimismo, reconoci\u00f3 la disposici\u00f3n de los integrantes del Comit\u00e9 para contribuir con su experiencia y conocimientos en beneficio de la ciudad de Puebla.<\/p>\n\n\n\n<p>Se cont\u00f3 con la asistencia de Alejandro Arturo Necoechea G\u00f3mez, magistrado en funciones, en representaci\u00f3n de Mar\u00eda Belinda Aguilar D\u00edaz, presidenta del Tribunal Superior de Justicia del Poder Judicial del Estado de Puebla; Amadeo Fuentes A\u00f1orve, consejero de la Judicatura del Poder Judicial del Estado de Puebla; M\u00f3nica Silva Ruiz, s\u00edndica Municipal; Dulce Lilia Rivera Aranda, titular de la Contralor\u00eda Municipal; Alejandro Guerrero Mart\u00ednez, director de An\u00e1lisis Legal, Supervisi\u00f3n y Vinculaci\u00f3n \/ Secretario T\u00e9cnico.<\/p>\n\n\n\n<p>Con esta acci\u00f3n, el Gobierno Municipal reafirma su compromiso con la legalidad, la transparencia y el servicio p\u00fablico eficiente en favor de todas y todos los poblanos.<\/p>\n","protected":false},"excerpt":{"rendered":"<p>Con el objetivo de reafirmar el compromiso con el fortalecimiento del Estado de Derecho y la cultura de la legalidad en el \u00e1mbito local, el presidente municipal, Pepe Chedraui Budib, encabez\u00f3 la instalaci\u00f3n y toma de protesta del Comit\u00e9 de An\u00e1lisis T\u00e9cnico-Jur\u00eddico del Municipio de Puebla, Este Comit\u00e9 fungir\u00e1 como un \u00f3rgano t\u00e9cnico y de [&hellip;]<\/p>\n","protected":false},"author":4,"featured_media":62135,"comment_status":"open","ping_status":"open","sticky":false,"template":"","format":"standard","meta":{"om_disable_all_campaigns":false,"_monsterinsights_skip_tracking":false,"_monsterinsights_sitenote_active":false,"_monsterinsights_sitenote_note":"","_monsterinsights_sitenote_category":0,"footnotes":""},"categories":[175],"tags":[223],"class_list":["post-62134","post","type-post","status-publish","format-standard","has-post-thumbnail","hentry","category-local","tag-puebla"],"amp_enabled":true,"_links":{"self":[{"href":"https:\/\/lahora.mx\/index.php\/wp-json\/wp\/v2\/posts\/62134","targetHints":{"allow":["GET"]}}],"collection":[{"href":"https:\/\/lahora.mx\/index.php\/wp-json\/wp\/v2\/posts"}],"about":[{"href":"https:\/\/lahora.mx\/index.php\/wp-json\/wp\/v2\/types\/post"}],"author":[{"embeddable":true,"href":"https:\/\/lahora.mx\/index.php\/wp-json\/wp\/v2\/users\/4"}],"replies":[{"embeddable":true,"href":"https:\/\/lahora.mx\/index.php\/wp-json\/wp\/v2\/comments?post=62134"}],"version-history":[{"count":1,"href":"https:\/\/lahora.mx\/index.php\/wp-json\/wp\/v2\/posts\/62134\/revisions"}],"predecessor-version":[{"id":62136,"href":"https:\/\/lahora.mx\/index.php\/wp-json\/wp\/v2\/posts\/62134\/revisions\/62136"}],"wp:featuredmedia":[{"embeddable":true,"href":"https:\/\/lahora.mx\/index.php\/wp-json\/wp\/v2\/media\/62135"}],"wp:attachment":[{"href":"https:\/\/lahora.mx\/index.php\/wp-json\/wp\/v2\/media?parent=62134"}],"wp:term":[{"taxonomy":"category","embeddable":true,"href":"https:\/\/lahora.mx\/index.php\/wp-json\/wp\/v2\/categories?post=62134"},{"taxonomy":"post_tag","embeddable":true,"href":"https:\/\/lahora.mx\/index.php\/wp-json\/wp\/v2\/tags?post=62134"}],"curies":[{"name":"wp","href":"https:\/\/api.w.org\/{rel}","templated":true}]}}