{"id":62128,"date":"2025-05-10T01:52:11","date_gmt":"2025-05-10T01:52:11","guid":{"rendered":"https:\/\/lahora.mx\/?p=62128"},"modified":"2025-05-10T01:52:12","modified_gmt":"2025-05-10T01:52:12","slug":"gobierno-estatal-y-empresas-automotrices-fortalecen-competitividad-de-la-industria","status":"publish","type":"post","link":"https:\/\/lahora.mx\/index.php\/2025\/05\/10\/gobierno-estatal-y-empresas-automotrices-fortalecen-competitividad-de-la-industria\/","title":{"rendered":"Gobierno estatal y empresas automotrices fortalecen competitividad de la industria"},"content":{"rendered":"\n<p>El gobierno de Alejandro Armenta, a trav\u00e9s de la Secretar\u00eda de Desarrollo Econ\u00f3mico y Trabajo (SEDETRA), colabora con el sector automotriz del estado en el desarrollo de estrategias, para impulsar la competitividad de esta industria, por lo que, con la asesor\u00eda del Banco Interamericano de Desarrollo (BID), se definieron 107 paquetes de formaci\u00f3n de talento humano que se aplicar\u00e1n tanto por empresas como instituciones educativas de la entidad.<\/p>\n\n\n\n<p>La presentaci\u00f3n de la \u201cEstrategia de Habilidades para la Industria Automotriz de Puebla-Tlaxcala\u201d estuvo a cargo de Fernando Pav\u00f3n Yitzak, representante de la Divisi\u00f3n de Protecci\u00f3n Social y Mercados Laborales del BID y Natalia Lidijover, gerente general de OTIC SOFOFA de Chile, organismo consultor especializado en capacitaci\u00f3n y desarrollo empresarial sostenible y en la que tambi\u00e9n particip\u00f3 el secretario de Desarrollo Econ\u00f3mico y Trabajo, V\u00edctor Gabriel Chedraui, as\u00ed como integrantes del Cl\u00faster Automotriz Zona Centro (CLAUZ).<\/p>\n\n\n\n<p>Pav\u00f3n Yitzak y Lidijover explicaron que los paquetes de formaci\u00f3n est\u00e1n dirigidos a distintos niveles del sector, desde operadores hasta t\u00e9cnicos y profesionales, enfocados en \u00e1reas clave como manufactura 4.0, tecnolog\u00eda y desarrollo; calidad y procesos; sostenibilidad y seguridad; log\u00edstica, software y automatizaci\u00f3n.<\/p>\n\n\n\n<p>En el evento, al que asistieron tambi\u00e9n representantes del sector educativo, legisladores y empresarios, el titular de la SEDETRA, V\u00edctor Gabriel Chedraui, destac\u00f3 que el sector automotriz es uno de los pilares econ\u00f3micos de Puebla, genera m\u00e1s de 55 mil empleos y articula una extensa red de proveedores.<\/p>\n\n\n\n<p>Se\u00f1al\u00f3 que la estrategia busca enfrentar los desaf\u00edos actuales del sector mediante la profesionalizaci\u00f3n del capital humano, lo que permitir\u00e1 a las empresas locales mantener su competitividad en un contexto global cambiante.<\/p>\n\n\n\n<p>Por su parte, V\u00edctor Cota Elorriaga, presidente del Consejo Directivo del CLAUZ, reconoci\u00f3 la disposici\u00f3n del Gobierno de Puebla para apoyar a la industria automotriz en el desarrollo de la estrategia y las acciones para que este sector enfrente los desaf\u00edos que representa la implementaci\u00f3n de la manufactura 4.0 en las empresas establecidas en la entidad.<\/p>\n","protected":false},"excerpt":{"rendered":"<p>El gobierno de Alejandro Armenta, a trav\u00e9s de la Secretar\u00eda de Desarrollo Econ\u00f3mico y Trabajo (SEDETRA), colabora con el sector automotriz del estado en el desarrollo de estrategias, para impulsar la competitividad de esta industria, por lo que, con la asesor\u00eda del Banco Interamericano de Desarrollo (BID), se definieron 107 paquetes de formaci\u00f3n de talento [&hellip;]<\/p>\n","protected":false},"author":4,"featured_media":62129,"comment_status":"open","ping_status":"open","sticky":false,"template":"","format":"standard","meta":{"om_disable_all_campaigns":false,"_monsterinsights_skip_tracking":false,"_monsterinsights_sitenote_active":false,"_monsterinsights_sitenote_note":"","_monsterinsights_sitenote_category":0,"footnotes":""},"categories":[175],"tags":[239,223],"class_list":["post-62128","post","type-post","status-publish","format-standard","has-post-thumbnail","hentry","category-local","tag-gobierno","tag-puebla"],"amp_enabled":true,"_links":{"self":[{"href":"https:\/\/lahora.mx\/index.php\/wp-json\/wp\/v2\/posts\/62128","targetHints":{"allow":["GET"]}}],"collection":[{"href":"https:\/\/lahora.mx\/index.php\/wp-json\/wp\/v2\/posts"}],"about":[{"href":"https:\/\/lahora.mx\/index.php\/wp-json\/wp\/v2\/types\/post"}],"author":[{"embeddable":true,"href":"https:\/\/lahora.mx\/index.php\/wp-json\/wp\/v2\/users\/4"}],"replies":[{"embeddable":true,"href":"https:\/\/lahora.mx\/index.php\/wp-json\/wp\/v2\/comments?post=62128"}],"version-history":[{"count":1,"href":"https:\/\/lahora.mx\/index.php\/wp-json\/wp\/v2\/posts\/62128\/revisions"}],"predecessor-version":[{"id":62130,"href":"https:\/\/lahora.mx\/index.php\/wp-json\/wp\/v2\/posts\/62128\/revisions\/62130"}],"wp:featuredmedia":[{"embeddable":true,"href":"https:\/\/lahora.mx\/index.php\/wp-json\/wp\/v2\/media\/62129"}],"wp:attachment":[{"href":"https:\/\/lahora.mx\/index.php\/wp-json\/wp\/v2\/media?parent=62128"}],"wp:term":[{"taxonomy":"category","embeddable":true,"href":"https:\/\/lahora.mx\/index.php\/wp-json\/wp\/v2\/categories?post=62128"},{"taxonomy":"post_tag","embeddable":true,"href":"https:\/\/lahora.mx\/index.php\/wp-json\/wp\/v2\/tags?post=62128"}],"curies":[{"name":"wp","href":"https:\/\/api.w.org\/{rel}","templated":true}]}}