{"id":62119,"date":"2025-05-10T00:12:34","date_gmt":"2025-05-10T00:12:34","guid":{"rendered":"https:\/\/lahora.mx\/?p=62119"},"modified":"2025-05-10T00:12:34","modified_gmt":"2025-05-10T00:12:34","slug":"tonantzin-fernandez-encabeza-labores-de-mantenimiento-a-panteones-de-san-pedro-cholula","status":"publish","type":"post","link":"https:\/\/lahora.mx\/index.php\/2025\/05\/10\/tonantzin-fernandez-encabeza-labores-de-mantenimiento-a-panteones-de-san-pedro-cholula\/","title":{"rendered":"Tonantzin Fern\u00e1ndez encabeza labores de mantenimiento a panteones de San Pedro Cholula"},"content":{"rendered":"\n<p>El Ayuntamiento de San Pedro Cholula, encabezado por Tonantzin Fern\u00e1ndez D\u00edaz, realiz\u00f3 labores de mantenimiento en los panteones del municipio.<\/p>\n\n\n\n<p>Lo anterior con la finalidad de garantizar condiciones adecuadas para quienes acudir\u00e1n el pr\u00f3ximo 10 de mayo de 2025.<\/p>\n\n\n\n<p>El operativo del D\u00eda de las Madres est\u00e1 a cargo de la Direcci\u00f3n de Servicios P\u00fablicos y su titular Irving Su\u00e1rez.<\/p>\n\n\n\n<p>Adem\u00e1s contempla actividades de limpieza general, desbrozado, recolecci\u00f3n de residuos vegetales y acondicionamiento de accesos.<\/p>\n\n\n\n<p>Los trabajos se llevar\u00e1n a cabo en los diferentes panteones de la comunidad, entre ellos los ubicados en los barrios de Jes\u00fas y La Magdalena.<\/p>\n\n\n\n<p>Estos permanecer\u00e1n abiertos al p\u00fablico de lunes a viernes de 7:00 a 17:00 horas, y los fines de semana de 8:00 a 17:00 horas.<\/p>\n\n\n\n<p>Cabe mencionar que a administraci\u00f3n municipal de Tonantzin Fern\u00e1ndez exhort\u00f3 a la ciudadan\u00eda a colaborar en el cuidado de estos espacios, para evitar dejar basura y recipientes con agua que puedan convertirse en criaderos de mosquitos.<\/p>\n","protected":false},"excerpt":{"rendered":"<p>El Ayuntamiento de San Pedro Cholula, encabezado por Tonantzin Fern\u00e1ndez D\u00edaz, realiz\u00f3 labores de mantenimiento en los panteones del municipio. Lo anterior con la finalidad de garantizar condiciones adecuadas para quienes acudir\u00e1n el pr\u00f3ximo 10 de mayo de 2025. El operativo del D\u00eda de las Madres est\u00e1 a cargo de la Direcci\u00f3n de Servicios P\u00fablicos [&hellip;]<\/p>\n","protected":false},"author":4,"featured_media":62120,"comment_status":"open","ping_status":"open","sticky":false,"template":"","format":"standard","meta":{"om_disable_all_campaigns":false,"_monsterinsights_skip_tracking":false,"_monsterinsights_sitenote_active":false,"_monsterinsights_sitenote_note":"","_monsterinsights_sitenote_category":0,"footnotes":""},"categories":[175],"tags":[234,223],"class_list":["post-62119","post","type-post","status-publish","format-standard","has-post-thumbnail","hentry","category-local","tag-cholula","tag-puebla"],"amp_enabled":true,"_links":{"self":[{"href":"https:\/\/lahora.mx\/index.php\/wp-json\/wp\/v2\/posts\/62119","targetHints":{"allow":["GET"]}}],"collection":[{"href":"https:\/\/lahora.mx\/index.php\/wp-json\/wp\/v2\/posts"}],"about":[{"href":"https:\/\/lahora.mx\/index.php\/wp-json\/wp\/v2\/types\/post"}],"author":[{"embeddable":true,"href":"https:\/\/lahora.mx\/index.php\/wp-json\/wp\/v2\/users\/4"}],"replies":[{"embeddable":true,"href":"https:\/\/lahora.mx\/index.php\/wp-json\/wp\/v2\/comments?post=62119"}],"version-history":[{"count":1,"href":"https:\/\/lahora.mx\/index.php\/wp-json\/wp\/v2\/posts\/62119\/revisions"}],"predecessor-version":[{"id":62121,"href":"https:\/\/lahora.mx\/index.php\/wp-json\/wp\/v2\/posts\/62119\/revisions\/62121"}],"wp:featuredmedia":[{"embeddable":true,"href":"https:\/\/lahora.mx\/index.php\/wp-json\/wp\/v2\/media\/62120"}],"wp:attachment":[{"href":"https:\/\/lahora.mx\/index.php\/wp-json\/wp\/v2\/media?parent=62119"}],"wp:term":[{"taxonomy":"category","embeddable":true,"href":"https:\/\/lahora.mx\/index.php\/wp-json\/wp\/v2\/categories?post=62119"},{"taxonomy":"post_tag","embeddable":true,"href":"https:\/\/lahora.mx\/index.php\/wp-json\/wp\/v2\/tags?post=62119"}],"curies":[{"name":"wp","href":"https:\/\/api.w.org\/{rel}","templated":true}]}}