{"id":62112,"date":"2025-05-09T19:32:53","date_gmt":"2025-05-09T19:32:53","guid":{"rendered":"https:\/\/lahora.mx\/?p=62112"},"modified":"2025-05-09T19:33:07","modified_gmt":"2025-05-09T19:33:07","slug":"conmemora-rusia-el-80-aniversario-del-dia-de-la-victoria-ante-el-yugo-nazi","status":"publish","type":"post","link":"https:\/\/lahora.mx\/index.php\/2025\/05\/09\/conmemora-rusia-el-80-aniversario-del-dia-de-la-victoria-ante-el-yugo-nazi\/","title":{"rendered":"Conmemora Rusia el 80 aniversario del D\u00eda de la Victoria ante el yugo Nazi"},"content":{"rendered":"\n<p>Con el tradicional desfile militar en la Plaza Roja, Rusia conmemor\u00f3 este viernes el 80 aniversario del D\u00eda de la Victoria en la Gran Guerra Patria, como denominan los rusos a la Segunda Guerra Mundial, con presencia en la tribuna de invitados especiales de 27 jefes de Estado que aceptaron acompa\u00f1ar en esta celebraci\u00f3n al titular del Kremlin, Vladimir Putin.<\/p>\n\n\n\n<p>El presidente ruso ejerci\u00f3 estos d\u00edas de anfitri\u00f3n de sus colegas, Xi Jinping, de China; Miguel D\u00edaz-Canel, de Cuba; Nicol\u00e1s Maduro, de Venezuela; y Luis In\u00e1cio Lula da Silva, de Brasil. Tambi\u00e9n vinieron los gobernantes de siete rep\u00fablicas ex sovi\u00e9ticas y de Egipto, Mongolia, Laos y Vietnam, entre otros pa\u00edses. <\/p>\n\n\n\n<p>De la Uni\u00f3n Europea asisti\u00f3 s\u00f3lo el primer ministro de Eslovaquia, Robert Fico, y tambi\u00e9n lleg\u00f3 el presidente de Serbia, Aleksandar Vucic, ambos tuvieron que elegir una ruta m\u00e1s larga y rodear los pa\u00edses del B\u00e1ltico que cerraron su espacio a\u00e9reo para sus aviones.<\/p>\n\n\n\n<p>Putin, acorde con la costumbre arraigada en este tipo de actos solemnes, dirigi\u00f3 un breve discurso desde la tribuna de honor, instalada delante del Mausoleo de Lenin que como es habitual qued\u00f3 oculto tras un gran panel alusivo al 80 aniversario.<\/p>\n\n\n\n<p>\u201cComo herederos de los vencedores celebramos esta fiesta del 9 de mayo como propia, como la m\u00e1s importante para el pa\u00eds, para todo el pueblo, para cada familia y para cada uno de nosotros\u201d, afirm\u00f3 el mandatario.<\/p>\n\n\n\n<p>Dijo tambi\u00e9n que Rusia recuerda las lecciones de la Segunda Guerra Mundial y nunca aceptar\u00e1 que \u201cse tergiversen los hechos, se intente justificar a verdugos o se calumnie a los verdaderos vencedores\u201d.<\/p>\n\n\n\n<p>Subray\u00f3: \u201cEs un honor defender el honor de los soldados y oficiales del Ej\u00e9rcito Rojo, la proeza de representantes de distintas nacionalidades que quedar\u00e1n para siempre en la historia universal como soldados rusos\u201d.<\/p>\n\n\n\n<p>Ofreci\u00f3 que \u201cRusia fue y ser\u00e1 una barrera infranqueable\u201d para el nazismo, la rusofobia y el antisemitismo y \u201cluchar\u00e1 contra las atrocidades que cometen los seguidores de estas ideas agresivas y destructivas\u201d.<\/p>\n\n\n\n<p>Putin est\u00e1 convencido de que \u201ctodo el pa\u00eds, la sociedad, el pueblo apoyan la operaci\u00f3n militar especial (en Ucrania). Nos sentimos orgullosos de la valent\u00eda y tenacidad de quienes participan en ella, de esa fuerza de esp\u00edritu que nos ha otorgado siempre y \u00fanicamente la victoria\u201d.<\/p>\n\n\n\n<p>Reconoci\u00f3 el papel de los aliados al decir: \u201cSiempre recordaremos que la apertura de un segundo frente en Europa, despu\u00e9s de las decisivas batallas que se libraron en el territorio de la Uni\u00f3n Sovi\u00e9tica, acerc\u00f3 la victoria. Valoramos altamente la contribuci\u00f3n de los ej\u00e9rcitos aliados a nuestro triunfo com\u00fan\u201d.<\/p>\n\n\n\n<p>Desfile militar<\/p>\n\n\n\n<p>A las diez en punto, hora de Mosc\u00fa, comenz\u00f3 el desfile, que esta vez no hizo gala de novedoso armamento como en otras ocasiones, centr\u00e1ndose en la marcha de cerca de diez mil soldados de distintas ramas del ej\u00e9rcito y de la armada de Rusia.<\/p>\n\n\n\n<p>En esta ocasi\u00f3n, tambi\u00e9n desfilaron contingentes de treces pa\u00edses: Azerbaiy\u00e1n, Bielorrusia, Kazajist\u00e1n, Kirguist\u00e1n, Tayikist\u00e1n, Turkmenist\u00e1n y Uzbekist\u00e1n, por parte de las rep\u00fablicas del espacio postsovi\u00e9tico, y, por el lado de Estados llamados amigos por la televisi\u00f3n p\u00fablica rusa, China, Egipto, Myanmar, Mongolia y Vietnam.<\/p>\n\n\n\n<p>Hace tan s\u00f3lo 15 a\u00f1os, al conmemorarse el 65 aniversario del D\u00eda de la Victoria, desfilaron por la Plaza Roja militares de Estados Unidos, Gran Breta\u00f1a, Francia y Polonia. No han vuelto contingentes de pa\u00edses aliados desde la anexi\u00f3n de Crimea en 2014.<\/p>\n\n\n\n<p>Se exhibi\u00f3 una parte del armamento que usa Rusia, precedido de un cap\u00edtulo hist\u00f3rico encabezado por el legendario tanque T-34 que lleg\u00f3 hasta Berl\u00edn en 1945. En cuanto a las armas modernas, salvo los misiles bal\u00edsticos intercontinentales Yars, todas empleadas en la \u201coperaci\u00f3n militar especial\u201d en Ucrania, pudo verse tanques T-90M, obuses y ca\u00f1ones de diferente calibre, sistemas de defensa antia\u00e9rea S-400 Triumf y los misiles bal\u00edsticos Iskander-M, capaces de portar ojivas nucleares, entre otras piezas de la maquinaria b\u00e9lica rusa.<\/p>\n\n\n\n<p>Por primera vez, expuestos sobre camiones Kamaz, se mostraron diferentes drones que se utilizan para atacar con cargas explosivas y obtener datos de inteligencia, entre ellos artefactos a\u00e9reos no tripulados Gueran-2, que se consideran copia de los Shahed que se dice suministr\u00f3 Ir\u00e1n tiempo atr\u00e1s, Orlan, Garpiyia y Lancet.<\/p>\n\n\n\n<p>Cerraron el desfile una muestra de cazabombarderos SU-30 y Mig-29, as\u00ed como bombarderos estrat\u00e9gicos TU-95MS y TU-160, entre otros aviones que sobrevolaron la Plaza Roja.<\/p>\n\n\n\n<p>Desde la tribuna observaron el desfile generales y altos oficiales de Corea del Norte, cuyos soldados participaron en los combates en la regi\u00f3n rusa de Kursk, a quienes se acerc\u00f3 el mandatario ruso para expresarles personalmente su agradecimiento por la ayuda brindada.<\/p>\n\n\n\n<p>Tras depositar flores ante la tumba del soldado desconocido, delante del fuego eterno, junto a la muralla del Kremlin, con los jefes de Estado presentes, Putin por la tarde se reuni\u00f3 por separado con Luis In\u00e1cio Lula da Silva, presidente de Brasil, y otros invitados.<\/p>\n\n\n\n<p>Encuentro con Lula<\/p>\n\n\n\n<p>Putin, de acuerdo con el comunicado de la oficina de prensa del Kremlin, \u201crecord\u00f3 con afecto\u201d las conversaciones que mantuvo antes con el presidente brasile\u00f1o, Lula da Silva, cuya anterior visita a Rusia tuvo lugar hace quince a\u00f1os.<\/p>\n\n\n\n<p>\u201cTanto en Rusia como en Brasil \u2013se\u00f1al\u00f3 el mandatario ruso\u2013 siempre se desarrollaron en un ambiente amistoso y de negocios. En gran medida gracias a los contactos personales de los a\u00f1os anteriores, trabajamos mucho para fortalecer las relaciones entre nuestros pa\u00edses\u201d.<\/p>\n\n\n\n<p>Por su parte, el jefe de Estado brasile\u00f1o subray\u00f3 que su visita busca \u201creforzar nuestra asociaci\u00f3n estrat\u00e9gica. Brasil quiere hacer m\u00e1s s\u00f3lidos los lazos pol\u00edticos, aumentar los intercambios culturales y comerciales. Asimismo nos interesan sus tecnolog\u00edas, ciencia. Tenemos mucho de qu\u00e9 hablar en materia de cooperaci\u00f3n militar y espacial, y tambi\u00e9n de energ\u00eda. De su lado, tambi\u00e9n hay mucho inter\u00e9s en Brasil\u201d.<\/p>\n\n\n\n<p>Y concluy\u00f3: \u201cSomos dos naciones enormes, nos encontramos en extremos opuestos del globo y (\u2026) tenemos un gran potencial de crecimiento. Por eso, estamos aqu\u00ed\u201d.<\/p>\n","protected":false},"excerpt":{"rendered":"<p>Con el tradicional desfile militar en la Plaza Roja, Rusia conmemor\u00f3 este viernes el 80 aniversario del D\u00eda de la Victoria en la Gran Guerra Patria, como denominan los rusos a la Segunda Guerra Mundial, con presencia en la tribuna de invitados especiales de 27 jefes de Estado que aceptaron acompa\u00f1ar en esta celebraci\u00f3n al [&hellip;]<\/p>\n","protected":false},"author":4,"featured_media":62113,"comment_status":"open","ping_status":"open","sticky":false,"template":"","format":"standard","meta":{"om_disable_all_campaigns":false,"_monsterinsights_skip_tracking":false,"_monsterinsights_sitenote_active":false,"_monsterinsights_sitenote_note":"","_monsterinsights_sitenote_category":0,"footnotes":""},"categories":[183],"tags":[],"class_list":["post-62112","post","type-post","status-publish","format-standard","has-post-thumbnail","hentry","category-internacional"],"amp_enabled":true,"_links":{"self":[{"href":"https:\/\/lahora.mx\/index.php\/wp-json\/wp\/v2\/posts\/62112","targetHints":{"allow":["GET"]}}],"collection":[{"href":"https:\/\/lahora.mx\/index.php\/wp-json\/wp\/v2\/posts"}],"about":[{"href":"https:\/\/lahora.mx\/index.php\/wp-json\/wp\/v2\/types\/post"}],"author":[{"embeddable":true,"href":"https:\/\/lahora.mx\/index.php\/wp-json\/wp\/v2\/users\/4"}],"replies":[{"embeddable":true,"href":"https:\/\/lahora.mx\/index.php\/wp-json\/wp\/v2\/comments?post=62112"}],"version-history":[{"count":2,"href":"https:\/\/lahora.mx\/index.php\/wp-json\/wp\/v2\/posts\/62112\/revisions"}],"predecessor-version":[{"id":62115,"href":"https:\/\/lahora.mx\/index.php\/wp-json\/wp\/v2\/posts\/62112\/revisions\/62115"}],"wp:featuredmedia":[{"embeddable":true,"href":"https:\/\/lahora.mx\/index.php\/wp-json\/wp\/v2\/media\/62113"}],"wp:attachment":[{"href":"https:\/\/lahora.mx\/index.php\/wp-json\/wp\/v2\/media?parent=62112"}],"wp:term":[{"taxonomy":"category","embeddable":true,"href":"https:\/\/lahora.mx\/index.php\/wp-json\/wp\/v2\/categories?post=62112"},{"taxonomy":"post_tag","embeddable":true,"href":"https:\/\/lahora.mx\/index.php\/wp-json\/wp\/v2\/tags?post=62112"}],"curies":[{"name":"wp","href":"https:\/\/api.w.org\/{rel}","templated":true}]}}