{"id":62109,"date":"2025-05-09T16:40:06","date_gmt":"2025-05-09T16:40:06","guid":{"rendered":"https:\/\/lahora.mx\/?p=62109"},"modified":"2025-05-09T16:40:07","modified_gmt":"2025-05-09T16:40:07","slug":"mujer-pierde-la-vida-en-accidente-de-moto","status":"publish","type":"post","link":"https:\/\/lahora.mx\/index.php\/2025\/05\/09\/mujer-pierde-la-vida-en-accidente-de-moto\/","title":{"rendered":"Mujer pierde la vida en accidente de moto"},"content":{"rendered":"\n<p>Una mujer falleci\u00f3 la noche del jueves 9 de mayo al derrapar la motocicleta en la que viajaba como acompa\u00f1ante, en la zona norte de Atlixco. El conductor presuntamente se encontraba en estado et\u00edlico, lo que habr\u00eda provocado que perdiera el control del veh\u00edculo.<\/p>\n\n\n\n<p>El accidente ocurri\u00f3 en el camino a rancho Xapatlaco, al norte de la mancha urbana. De acuerdo con testigos, el conductor circulaba a exceso de velocidad y, al perder el control, la motocicleta impact\u00f3 contra el camell\u00f3n. La mujer fue proyectada y el fuerte golpe contra el suelo le provoc\u00f3 la muerte instant\u00e1nea.<\/p>\n\n\n\n<p>Al sitio acudieron elementos de la Polic\u00eda Municipal y de la Fiscal\u00eda General del Estado (FGE) para realizar las diligencias correspondientes. El conductor fue detenido y trasladado al Centro de Control, Comando, Comunicaciones y C\u00f3mputo (C4).<\/p>\n\n\n\n<p>De acuerdo con estad\u00edsticas de vialidad municipal, en Atlixco se registran de uno a dos accidentes diarios en los que se ven involucrados motociclistas. Las lesiones derivadas de estos siniestros pueden generar discapacidad o incluso la muerte, como en este caso.<\/p>\n\n\n\n<p>Ante este panorama, el director de vialidad municipal, N\u00e9stor Tapia, ha reiterado el llamado a conducir con precauci\u00f3n, no manejar bajo los efectos del alcohol, respetar los l\u00edmites de velocidad y evitar que menores de edad operen este tipo de veh\u00edculos.<\/p>\n","protected":false},"excerpt":{"rendered":"<p>Una mujer falleci\u00f3 la noche del jueves 9 de mayo al derrapar la motocicleta en la que viajaba como acompa\u00f1ante, en la zona norte de Atlixco. El conductor presuntamente se encontraba en estado et\u00edlico, lo que habr\u00eda provocado que perdiera el control del veh\u00edculo. El accidente ocurri\u00f3 en el camino a rancho Xapatlaco, al norte [&hellip;]<\/p>\n","protected":false},"author":4,"featured_media":62110,"comment_status":"open","ping_status":"open","sticky":false,"template":"","format":"standard","meta":{"om_disable_all_campaigns":false,"_monsterinsights_skip_tracking":false,"_monsterinsights_sitenote_active":false,"_monsterinsights_sitenote_note":"","_monsterinsights_sitenote_category":0,"footnotes":""},"categories":[175,226],"tags":[223],"class_list":["post-62109","post","type-post","status-publish","format-standard","has-post-thumbnail","hentry","category-local","category-policia","tag-puebla"],"amp_enabled":true,"_links":{"self":[{"href":"https:\/\/lahora.mx\/index.php\/wp-json\/wp\/v2\/posts\/62109","targetHints":{"allow":["GET"]}}],"collection":[{"href":"https:\/\/lahora.mx\/index.php\/wp-json\/wp\/v2\/posts"}],"about":[{"href":"https:\/\/lahora.mx\/index.php\/wp-json\/wp\/v2\/types\/post"}],"author":[{"embeddable":true,"href":"https:\/\/lahora.mx\/index.php\/wp-json\/wp\/v2\/users\/4"}],"replies":[{"embeddable":true,"href":"https:\/\/lahora.mx\/index.php\/wp-json\/wp\/v2\/comments?post=62109"}],"version-history":[{"count":1,"href":"https:\/\/lahora.mx\/index.php\/wp-json\/wp\/v2\/posts\/62109\/revisions"}],"predecessor-version":[{"id":62111,"href":"https:\/\/lahora.mx\/index.php\/wp-json\/wp\/v2\/posts\/62109\/revisions\/62111"}],"wp:featuredmedia":[{"embeddable":true,"href":"https:\/\/lahora.mx\/index.php\/wp-json\/wp\/v2\/media\/62110"}],"wp:attachment":[{"href":"https:\/\/lahora.mx\/index.php\/wp-json\/wp\/v2\/media?parent=62109"}],"wp:term":[{"taxonomy":"category","embeddable":true,"href":"https:\/\/lahora.mx\/index.php\/wp-json\/wp\/v2\/categories?post=62109"},{"taxonomy":"post_tag","embeddable":true,"href":"https:\/\/lahora.mx\/index.php\/wp-json\/wp\/v2\/tags?post=62109"}],"curies":[{"name":"wp","href":"https:\/\/api.w.org\/{rel}","templated":true}]}}