{"id":62106,"date":"2025-05-09T16:34:17","date_gmt":"2025-05-09T16:34:17","guid":{"rendered":"https:\/\/lahora.mx\/?p=62106"},"modified":"2025-05-09T16:34:18","modified_gmt":"2025-05-09T16:34:18","slug":"volkswagen-despide-a-la-mitad-de-su-plantilla-laboral","status":"publish","type":"post","link":"https:\/\/lahora.mx\/index.php\/2025\/05\/09\/volkswagen-despide-a-la-mitad-de-su-plantilla-laboral\/","title":{"rendered":"Volkswagen despide a la mitad de su plantilla laboral"},"content":{"rendered":"\n<p>En una d\u00e9cada, la planta Volkswagen despidi\u00f3 a casi la mitad de su plantilla laboral adherida al SITIAVW y actualmente solo emplea a poco m\u00e1s de 7 mil obreros pese a los subsidios millonarios que recibe del gobierno estatal aprobados desde la \u00e9poca de Rafael Moreno Valle.<\/p>\n\n\n\n<p>De acuerdo con el art\u00edculo acad\u00e9mico \u2018Condiciones laborales en la VW de M\u00e9xico. Los efectos de la acci\u00f3n sindical (2000-2015)\u2019 de Jos\u00e9 Antonio Espinal Betanzo, al corte de 2012 la empresa Volkswagen contaba con 13 mil 513 trabajadores sindicalizados.<\/p>\n\n\n\n<p>Sin embargo, recientemente el secretario general del Sindicato Independiente de Trabajadores de la Industria Automotriz Volkswagen de M\u00e9xico (SITIAVW), Hugo Tlalpan Luna, actualmente cuentan con 7 mil 222 trabajadores.<\/p>\n\n\n\n<p>Esto quiere decir que, en los \u00faltimos trece a\u00f1os la planta armadora de veh\u00edculos Volkswagen registr\u00f3 una reducci\u00f3n de pr\u00e1cticamente la mitad de la plantilla laboral en la sede de Cuautlancingo con un total de 6 mil 291 trabajadores. Esto representa una disminuci\u00f3n de 47 por ciento menos.<\/p>\n\n\n\n<p>Volkswagen le cuesta 2 mil mdp a los poblanos<br>En contraste, entre 2013 y 2025 el gobierno del estado de Puebla ha desembolsado m\u00e1s de 1.9 mil millones de pesos en apoyos financieros y subsidios para la empresa Volkswagen.<\/p>\n\n\n\n<p>Durante el gobierno de Rafael Moreno Valle favoreci\u00f3 a la empresa automotriz alemana con los recursos de los poblanos a trav\u00e9s de \u2018subsidios a la inversi\u00f3n\u2019, con los que entreg\u00f3 un total de 603 millones 94 mil 682 pesos entre 2013 y 2017.<\/p>\n\n\n\n<p>Posteriormente, las administraciones estatales incluyeron el concepto de \u2018apoyo financiero a la empresa Volkswagen\u2019 dentro de los Presupuestos de Egresos desde el 2019 hasta el de este a\u00f1o.<\/p>\n\n\n\n<p>En estos siete a\u00f1os desde el Presupuesto de Egresos del Estado se han entregado en total, mil 370 millones 160 mil 971 pesos a la automotriz fundada en Berl\u00edn y que est\u00e1 asentada en Puebla.<\/p>\n","protected":false},"excerpt":{"rendered":"<p>En una d\u00e9cada, la planta Volkswagen despidi\u00f3 a casi la mitad de su plantilla laboral adherida al SITIAVW y actualmente solo emplea a poco m\u00e1s de 7 mil obreros pese a los subsidios millonarios que recibe del gobierno estatal aprobados desde la \u00e9poca de Rafael Moreno Valle. De acuerdo con el art\u00edculo acad\u00e9mico \u2018Condiciones laborales [&hellip;]<\/p>\n","protected":false},"author":4,"featured_media":62107,"comment_status":"open","ping_status":"open","sticky":false,"template":"","format":"standard","meta":{"om_disable_all_campaigns":false,"_monsterinsights_skip_tracking":false,"_monsterinsights_sitenote_active":false,"_monsterinsights_sitenote_note":"","_monsterinsights_sitenote_category":0,"footnotes":""},"categories":[175],"tags":[195,223],"class_list":["post-62106","post","type-post","status-publish","format-standard","has-post-thumbnail","hentry","category-local","tag-principal","tag-puebla"],"amp_enabled":true,"_links":{"self":[{"href":"https:\/\/lahora.mx\/index.php\/wp-json\/wp\/v2\/posts\/62106","targetHints":{"allow":["GET"]}}],"collection":[{"href":"https:\/\/lahora.mx\/index.php\/wp-json\/wp\/v2\/posts"}],"about":[{"href":"https:\/\/lahora.mx\/index.php\/wp-json\/wp\/v2\/types\/post"}],"author":[{"embeddable":true,"href":"https:\/\/lahora.mx\/index.php\/wp-json\/wp\/v2\/users\/4"}],"replies":[{"embeddable":true,"href":"https:\/\/lahora.mx\/index.php\/wp-json\/wp\/v2\/comments?post=62106"}],"version-history":[{"count":1,"href":"https:\/\/lahora.mx\/index.php\/wp-json\/wp\/v2\/posts\/62106\/revisions"}],"predecessor-version":[{"id":62108,"href":"https:\/\/lahora.mx\/index.php\/wp-json\/wp\/v2\/posts\/62106\/revisions\/62108"}],"wp:featuredmedia":[{"embeddable":true,"href":"https:\/\/lahora.mx\/index.php\/wp-json\/wp\/v2\/media\/62107"}],"wp:attachment":[{"href":"https:\/\/lahora.mx\/index.php\/wp-json\/wp\/v2\/media?parent=62106"}],"wp:term":[{"taxonomy":"category","embeddable":true,"href":"https:\/\/lahora.mx\/index.php\/wp-json\/wp\/v2\/categories?post=62106"},{"taxonomy":"post_tag","embeddable":true,"href":"https:\/\/lahora.mx\/index.php\/wp-json\/wp\/v2\/tags?post=62106"}],"curies":[{"name":"wp","href":"https:\/\/api.w.org\/{rel}","templated":true}]}}