{"id":62103,"date":"2025-05-09T16:26:45","date_gmt":"2025-05-09T16:26:45","guid":{"rendered":"https:\/\/lahora.mx\/?p=62103"},"modified":"2025-05-09T16:26:46","modified_gmt":"2025-05-09T16:26:46","slug":"tras-granizada-en-tochtepec-reportan-afectaciones-en-cultivos","status":"publish","type":"post","link":"https:\/\/lahora.mx\/index.php\/2025\/05\/09\/tras-granizada-en-tochtepec-reportan-afectaciones-en-cultivos\/","title":{"rendered":"Tras granizada en Tochtepec reportan afectaciones en cultivos"},"content":{"rendered":"\n<p>Una intensa granizada sorprendi\u00f3 nuevamente a los habitantes de Tochtepec la tarde del jueves 7 de mayo, dejando \u00e1rboles ca\u00eddos, calles bloqueadas y afectaciones en cultivos, principalmente en la junta auxiliar de San Mart\u00edn Calteco.<\/p>\n\n\n\n<p>El fen\u00f3meno, acompa\u00f1ado de lluvias y r\u00e1fagas de viento, cubri\u00f3 con granizo extensas \u00e1reas de cultivo, donde campesinos reportaron da\u00f1os en siembras de avena, ma\u00edz y frijol.<\/p>\n\n\n\n<p>Ante esta situaci\u00f3n, se activ\u00f3 el plan de emergencias de Protecci\u00f3n Civil municipal. Las autoridades locales informaron, mediante un comunicado oficial, que se realizan labores de atenci\u00f3n en las zonas afectadas, incluyendo el retiro de \u00e1rboles ca\u00eddos sobre caminos que conectan a Tochtepec con otras localidades.<\/p>\n\n\n\n<p>Habitantes se\u00f1alaron interrupciones en el servicio de energ\u00eda el\u00e9ctrica en diversas comunidades. Tambi\u00e9n se reportaron afectaciones menores en los municipios vecinos de Huixcolotla y Cuapiaxtla de Madero.<\/p>\n\n\n\n<p>Los trabajos de limpieza y evaluaci\u00f3n de da\u00f1os contin\u00faan, mientras autoridades y vecinos permanecen en alerta ante la posibilidad de nuevas lluvias.<\/p>\n\n\n\n<p>Cabe recordar que el pasado 24 de abril se registr\u00f3 una granizada similar en Tochtepec, que dej\u00f3 viviendas inundadas y da\u00f1os al campo.<\/p>\n","protected":false},"excerpt":{"rendered":"<p>Una intensa granizada sorprendi\u00f3 nuevamente a los habitantes de Tochtepec la tarde del jueves 7 de mayo, dejando \u00e1rboles ca\u00eddos, calles bloqueadas y afectaciones en cultivos, principalmente en la junta auxiliar de San Mart\u00edn Calteco. El fen\u00f3meno, acompa\u00f1ado de lluvias y r\u00e1fagas de viento, cubri\u00f3 con granizo extensas \u00e1reas de cultivo, donde campesinos reportaron da\u00f1os [&hellip;]<\/p>\n","protected":false},"author":4,"featured_media":62104,"comment_status":"open","ping_status":"open","sticky":false,"template":"","format":"standard","meta":{"om_disable_all_campaigns":false,"_monsterinsights_skip_tracking":false,"_monsterinsights_sitenote_active":false,"_monsterinsights_sitenote_note":"","_monsterinsights_sitenote_category":0,"footnotes":""},"categories":[175],"tags":[223],"class_list":["post-62103","post","type-post","status-publish","format-standard","has-post-thumbnail","hentry","category-local","tag-puebla"],"amp_enabled":true,"_links":{"self":[{"href":"https:\/\/lahora.mx\/index.php\/wp-json\/wp\/v2\/posts\/62103","targetHints":{"allow":["GET"]}}],"collection":[{"href":"https:\/\/lahora.mx\/index.php\/wp-json\/wp\/v2\/posts"}],"about":[{"href":"https:\/\/lahora.mx\/index.php\/wp-json\/wp\/v2\/types\/post"}],"author":[{"embeddable":true,"href":"https:\/\/lahora.mx\/index.php\/wp-json\/wp\/v2\/users\/4"}],"replies":[{"embeddable":true,"href":"https:\/\/lahora.mx\/index.php\/wp-json\/wp\/v2\/comments?post=62103"}],"version-history":[{"count":1,"href":"https:\/\/lahora.mx\/index.php\/wp-json\/wp\/v2\/posts\/62103\/revisions"}],"predecessor-version":[{"id":62105,"href":"https:\/\/lahora.mx\/index.php\/wp-json\/wp\/v2\/posts\/62103\/revisions\/62105"}],"wp:featuredmedia":[{"embeddable":true,"href":"https:\/\/lahora.mx\/index.php\/wp-json\/wp\/v2\/media\/62104"}],"wp:attachment":[{"href":"https:\/\/lahora.mx\/index.php\/wp-json\/wp\/v2\/media?parent=62103"}],"wp:term":[{"taxonomy":"category","embeddable":true,"href":"https:\/\/lahora.mx\/index.php\/wp-json\/wp\/v2\/categories?post=62103"},{"taxonomy":"post_tag","embeddable":true,"href":"https:\/\/lahora.mx\/index.php\/wp-json\/wp\/v2\/tags?post=62103"}],"curies":[{"name":"wp","href":"https:\/\/api.w.org\/{rel}","templated":true}]}}