{"id":62100,"date":"2025-05-09T16:24:43","date_gmt":"2025-05-09T16:24:43","guid":{"rendered":"https:\/\/lahora.mx\/?p=62100"},"modified":"2025-05-09T16:24:44","modified_gmt":"2025-05-09T16:24:44","slug":"retienen-a-presunto-ladron-en-atlixco","status":"publish","type":"post","link":"https:\/\/lahora.mx\/index.php\/2025\/05\/09\/retienen-a-presunto-ladron-en-atlixco\/","title":{"rendered":"Retienen a presunto ladr\u00f3n en Atlixco"},"content":{"rendered":"\n<p>La noche del jueves 8 de mayo, vecinos de la colonia Ricardo Flores Mag\u00f3n, en Atlixco, retuvieron a un presunto ladr\u00f3n que fue sorprendido cuando intentaba ingresar a una vivienda ubicada sobre la calle Felipe Carrillo Puerto.<\/p>\n\n\n\n<p>El sujeto logr\u00f3 escapar moment\u00e1neamente y se refugi\u00f3 en su domicilio, lo que provoc\u00f3 una movilizaci\u00f3n vecinal.<\/p>\n\n\n\n<p>Seg\u00fan los testimonios, el individuo ya hab\u00eda sido se\u00f1alado previamente por actos delictivos en la zona. Los vecinos afirman haber presentado denuncias ante la Fiscal\u00eda General del Estado (FGE), pero indican que no han recibido respuesta ni se han realizado detenciones, lo que ha generado inconformidad.<\/p>\n\n\n\n<p>En medio de la tensi\u00f3n, los residentes intentaron sacar al presunto ladr\u00f3n del inmueble donde se ocultaba. Elementos de la Polic\u00eda Municipal y Estatal llegaron al lugar para resguardar la zona y detener al individuo.<\/p>\n\n\n\n<p>Durante el operativo, los colonos tambi\u00e9n se\u00f1alaron otras viviendas que, seg\u00fan ellos, son utilizadas como escondites por personas relacionadas con robos, lo que incrementa la percepci\u00f3n de inseguridad en la zona.<\/p>\n\n\n\n<p>La casa fue resguardada por elementos de seguridad p\u00fablica y se inst\u00f3 a los vecinos a formalizar sus denuncias ante las autoridades correspondientes.<\/p>\n","protected":false},"excerpt":{"rendered":"<p>La noche del jueves 8 de mayo, vecinos de la colonia Ricardo Flores Mag\u00f3n, en Atlixco, retuvieron a un presunto ladr\u00f3n que fue sorprendido cuando intentaba ingresar a una vivienda ubicada sobre la calle Felipe Carrillo Puerto. El sujeto logr\u00f3 escapar moment\u00e1neamente y se refugi\u00f3 en su domicilio, lo que provoc\u00f3 una movilizaci\u00f3n vecinal. Seg\u00fan [&hellip;]<\/p>\n","protected":false},"author":4,"featured_media":62101,"comment_status":"open","ping_status":"open","sticky":false,"template":"","format":"standard","meta":{"om_disable_all_campaigns":false,"_monsterinsights_skip_tracking":false,"_monsterinsights_sitenote_active":false,"_monsterinsights_sitenote_note":"","_monsterinsights_sitenote_category":0,"footnotes":""},"categories":[175,226],"tags":[223],"class_list":["post-62100","post","type-post","status-publish","format-standard","has-post-thumbnail","hentry","category-local","category-policia","tag-puebla"],"amp_enabled":true,"_links":{"self":[{"href":"https:\/\/lahora.mx\/index.php\/wp-json\/wp\/v2\/posts\/62100","targetHints":{"allow":["GET"]}}],"collection":[{"href":"https:\/\/lahora.mx\/index.php\/wp-json\/wp\/v2\/posts"}],"about":[{"href":"https:\/\/lahora.mx\/index.php\/wp-json\/wp\/v2\/types\/post"}],"author":[{"embeddable":true,"href":"https:\/\/lahora.mx\/index.php\/wp-json\/wp\/v2\/users\/4"}],"replies":[{"embeddable":true,"href":"https:\/\/lahora.mx\/index.php\/wp-json\/wp\/v2\/comments?post=62100"}],"version-history":[{"count":1,"href":"https:\/\/lahora.mx\/index.php\/wp-json\/wp\/v2\/posts\/62100\/revisions"}],"predecessor-version":[{"id":62102,"href":"https:\/\/lahora.mx\/index.php\/wp-json\/wp\/v2\/posts\/62100\/revisions\/62102"}],"wp:featuredmedia":[{"embeddable":true,"href":"https:\/\/lahora.mx\/index.php\/wp-json\/wp\/v2\/media\/62101"}],"wp:attachment":[{"href":"https:\/\/lahora.mx\/index.php\/wp-json\/wp\/v2\/media?parent=62100"}],"wp:term":[{"taxonomy":"category","embeddable":true,"href":"https:\/\/lahora.mx\/index.php\/wp-json\/wp\/v2\/categories?post=62100"},{"taxonomy":"post_tag","embeddable":true,"href":"https:\/\/lahora.mx\/index.php\/wp-json\/wp\/v2\/tags?post=62100"}],"curies":[{"name":"wp","href":"https:\/\/api.w.org\/{rel}","templated":true}]}}