{"id":62097,"date":"2025-05-09T14:40:30","date_gmt":"2025-05-09T14:40:30","guid":{"rendered":"https:\/\/lahora.mx\/?p=62097"},"modified":"2025-05-09T14:40:30","modified_gmt":"2025-05-09T14:40:30","slug":"detienen-a-hija-de-exalcalde-de-amozoc-y-a-el-mono","status":"publish","type":"post","link":"https:\/\/lahora.mx\/index.php\/2025\/05\/09\/detienen-a-hija-de-exalcalde-de-amozoc-y-a-el-mono\/","title":{"rendered":"Detienen a hija de exalcalde de Amozoc y a El Mono"},"content":{"rendered":"\n<p>En posesi\u00f3n de armas y sustancias il\u00edcitas, la hija del exalcalde Jos\u00e9 Cruz S\u00e1nchez Rojas, Citlamina fue detenida, junto con su pareja sentimental, Marco, \u2018El Mono\u2019, l\u00edder del grupo delictivo \u2018Los Monos\u2019 que opera en el municipio de Amozoc.<\/p>\n\n\n\n<p>La noche del 6 de mayo, elementos de la seguridad federal, hicieron una revisi\u00f3n a un veh\u00edculo en donde viajaban \u2018El Mono\u2019 y Citlamina en la autopista Puebla-Veracruz.<\/p>\n\n\n\n<p>Al inspeccionar el veh\u00edculo, los uniformados detuvieron a la pareja porque en el interior encontraron armas y drogas.<\/p>\n\n\n\n<p>Habitantes de Amozoc explicaron que el novio de la hija del expresidente municipal est\u00e1 relacionado con homicidios, venta de sustancias il\u00edcitas, robo de combustible y tr\u00e1fico de personas.<\/p>\n\n\n\n<p>Adem\u00e1s, dijeron que \u2018Los Monos\u2019 fueron ocupados como un grupo de choque al mando de Jos\u00e9 Cruz S\u00e1nchez, cuando intent\u00f3 volver a ser presidente municipal en las pasadas elecciones.<\/p>\n\n\n\n<p>Seg\u00fan fuentes policiales, el grupo delictivo tiene presencia en las juntas auxiliares del norte de la ciudad de Puebla y en el municipio de Amozoc.<\/p>\n\n\n\n<p>De acuerdo con versiones extraoficiales, las autoridades trasladaron a la pareja al Ministerio P\u00fablico de Cuautlancingo.<\/p>\n\n\n\n<p>Con informaci\u00f3n del periodista Edmundo Vel\u00e1zquez.<\/p>\n","protected":false},"excerpt":{"rendered":"<p>En posesi\u00f3n de armas y sustancias il\u00edcitas, la hija del exalcalde Jos\u00e9 Cruz S\u00e1nchez Rojas, Citlamina fue detenida, junto con su pareja sentimental, Marco, \u2018El Mono\u2019, l\u00edder del grupo delictivo \u2018Los Monos\u2019 que opera en el municipio de Amozoc. La noche del 6 de mayo, elementos de la seguridad federal, hicieron una revisi\u00f3n a un [&hellip;]<\/p>\n","protected":false},"author":4,"featured_media":62098,"comment_status":"open","ping_status":"open","sticky":false,"template":"","format":"standard","meta":{"om_disable_all_campaigns":false,"_monsterinsights_skip_tracking":false,"_monsterinsights_sitenote_active":false,"_monsterinsights_sitenote_note":"","_monsterinsights_sitenote_category":0,"footnotes":""},"categories":[175,226],"tags":[223],"class_list":["post-62097","post","type-post","status-publish","format-standard","has-post-thumbnail","hentry","category-local","category-policia","tag-puebla"],"amp_enabled":true,"_links":{"self":[{"href":"https:\/\/lahora.mx\/index.php\/wp-json\/wp\/v2\/posts\/62097","targetHints":{"allow":["GET"]}}],"collection":[{"href":"https:\/\/lahora.mx\/index.php\/wp-json\/wp\/v2\/posts"}],"about":[{"href":"https:\/\/lahora.mx\/index.php\/wp-json\/wp\/v2\/types\/post"}],"author":[{"embeddable":true,"href":"https:\/\/lahora.mx\/index.php\/wp-json\/wp\/v2\/users\/4"}],"replies":[{"embeddable":true,"href":"https:\/\/lahora.mx\/index.php\/wp-json\/wp\/v2\/comments?post=62097"}],"version-history":[{"count":1,"href":"https:\/\/lahora.mx\/index.php\/wp-json\/wp\/v2\/posts\/62097\/revisions"}],"predecessor-version":[{"id":62099,"href":"https:\/\/lahora.mx\/index.php\/wp-json\/wp\/v2\/posts\/62097\/revisions\/62099"}],"wp:featuredmedia":[{"embeddable":true,"href":"https:\/\/lahora.mx\/index.php\/wp-json\/wp\/v2\/media\/62098"}],"wp:attachment":[{"href":"https:\/\/lahora.mx\/index.php\/wp-json\/wp\/v2\/media?parent=62097"}],"wp:term":[{"taxonomy":"category","embeddable":true,"href":"https:\/\/lahora.mx\/index.php\/wp-json\/wp\/v2\/categories?post=62097"},{"taxonomy":"post_tag","embeddable":true,"href":"https:\/\/lahora.mx\/index.php\/wp-json\/wp\/v2\/tags?post=62097"}],"curies":[{"name":"wp","href":"https:\/\/api.w.org\/{rel}","templated":true}]}}