{"id":62091,"date":"2025-05-09T00:32:42","date_gmt":"2025-05-09T00:32:42","guid":{"rendered":"https:\/\/lahora.mx\/?p=62091"},"modified":"2025-05-09T00:32:42","modified_gmt":"2025-05-09T00:32:42","slug":"ingresa-al-congreso-la-cuenta-publica-2024-del-gobierno-del-estado","status":"publish","type":"post","link":"https:\/\/lahora.mx\/index.php\/2025\/05\/09\/ingresa-al-congreso-la-cuenta-publica-2024-del-gobierno-del-estado\/","title":{"rendered":"Ingresa al Congreso la Cuenta P\u00fablica 2024 del Gobierno del Estado"},"content":{"rendered":"\n<p>El Gobernador Alejandro Armenta Mier, envi\u00f3 al Congreso del Estado, la Cuenta P\u00fablica correspondiente al ejercicio fiscal 2024, que comparti\u00f3 con el ex titular del ejecutivo Sergio Salom\u00f3n C\u00e9spedes Peregrina, y cuyo contenido ser\u00e1 revisado por la Auditor\u00eda Superior del Estado (ASE) para su dictamen.<\/p>\n\n\n\n<p>La presidenta de la Mesa Directiva, Guadalupe Vargas Vargas, en entrevista al terminar la sesi\u00f3n de la Comisi\u00f3n dijo que el documento junto con cuentas p\u00fablicas de otros ayuntamientos se enviaron a la Comisi\u00f3n de Control y Vigilancia de la Auditor\u00eda Superior del Estado, que a su vez lo turnar\u00e1 al \u00f3rgano de fiscalizaci\u00f3n.<\/p>\n\n\n\n<p>Precis\u00f3 que a\u00fan y cuando se trata de dos administraciones estatales, el documento que ser\u00e1 analizado, se encuentra debidamente dividido en los per\u00edodos 1 de enero -14 de diciembre 2024 correspondiente a Sergio Salom\u00f3n, y 15 de diciembre-31 de diciembre 2024 correspondiente a Alejandro Armenta<\/p>\n\n\n\n<p>La legisladora indic\u00f3 que el gobernador Alejandro Armenta, as\u00ed como su antecesor ha mostrado transparencia en el manejo de las cuentas p\u00fablicas.<\/p>\n\n\n\n<p>Cuidado con fraude en venta de autos<br>Por otra parte la Comisi\u00f3n Permanente aprob\u00f3 el acuerdo por el que se exhorta a la Fiscal\u00eda General del Estado, a la Secretar\u00eda de Seguridad P\u00fablica y a todos los municipios, para que de manera coordinada y en el \u00e1mbito de su competencia, implementen acciones para informar a las y los poblanos sobre las medidas preventivas que deben considerar para evitar fraudes y la comisi\u00f3n de otros delitos, relacionados con la supuesta exhibici\u00f3n y\/o compraventa de veh\u00edculos, as\u00ed como a difundir los canales de denuncia disponibles en caso de que se presenten estas conductas il\u00edcitas.<\/p>\n","protected":false},"excerpt":{"rendered":"<p>El Gobernador Alejandro Armenta Mier, envi\u00f3 al Congreso del Estado, la Cuenta P\u00fablica correspondiente al ejercicio fiscal 2024, que comparti\u00f3 con el ex titular del ejecutivo Sergio Salom\u00f3n C\u00e9spedes Peregrina, y cuyo contenido ser\u00e1 revisado por la Auditor\u00eda Superior del Estado (ASE) para su dictamen. La presidenta de la Mesa Directiva, Guadalupe Vargas Vargas, en [&hellip;]<\/p>\n","protected":false},"author":4,"featured_media":62092,"comment_status":"open","ping_status":"open","sticky":false,"template":"","format":"standard","meta":{"om_disable_all_campaigns":false,"_monsterinsights_skip_tracking":false,"_monsterinsights_sitenote_active":false,"_monsterinsights_sitenote_note":"","_monsterinsights_sitenote_category":0,"footnotes":""},"categories":[175],"tags":[227,223],"class_list":["post-62091","post","type-post","status-publish","format-standard","has-post-thumbnail","hentry","category-local","tag-congreso","tag-puebla"],"amp_enabled":true,"_links":{"self":[{"href":"https:\/\/lahora.mx\/index.php\/wp-json\/wp\/v2\/posts\/62091","targetHints":{"allow":["GET"]}}],"collection":[{"href":"https:\/\/lahora.mx\/index.php\/wp-json\/wp\/v2\/posts"}],"about":[{"href":"https:\/\/lahora.mx\/index.php\/wp-json\/wp\/v2\/types\/post"}],"author":[{"embeddable":true,"href":"https:\/\/lahora.mx\/index.php\/wp-json\/wp\/v2\/users\/4"}],"replies":[{"embeddable":true,"href":"https:\/\/lahora.mx\/index.php\/wp-json\/wp\/v2\/comments?post=62091"}],"version-history":[{"count":1,"href":"https:\/\/lahora.mx\/index.php\/wp-json\/wp\/v2\/posts\/62091\/revisions"}],"predecessor-version":[{"id":62093,"href":"https:\/\/lahora.mx\/index.php\/wp-json\/wp\/v2\/posts\/62091\/revisions\/62093"}],"wp:featuredmedia":[{"embeddable":true,"href":"https:\/\/lahora.mx\/index.php\/wp-json\/wp\/v2\/media\/62092"}],"wp:attachment":[{"href":"https:\/\/lahora.mx\/index.php\/wp-json\/wp\/v2\/media?parent=62091"}],"wp:term":[{"taxonomy":"category","embeddable":true,"href":"https:\/\/lahora.mx\/index.php\/wp-json\/wp\/v2\/categories?post=62091"},{"taxonomy":"post_tag","embeddable":true,"href":"https:\/\/lahora.mx\/index.php\/wp-json\/wp\/v2\/tags?post=62091"}],"curies":[{"name":"wp","href":"https:\/\/api.w.org\/{rel}","templated":true}]}}