{"id":62088,"date":"2025-05-09T00:22:11","date_gmt":"2025-05-09T00:22:11","guid":{"rendered":"https:\/\/lahora.mx\/?p=62088"},"modified":"2025-05-09T00:22:12","modified_gmt":"2025-05-09T00:22:12","slug":"pepe-chedraui-y-marielise-budib-regalan-juguetes-a-ninas-y-ninos-de-centro-comunitario","status":"publish","type":"post","link":"https:\/\/lahora.mx\/index.php\/2025\/05\/09\/pepe-chedraui-y-marielise-budib-regalan-juguetes-a-ninas-y-ninos-de-centro-comunitario\/","title":{"rendered":"Pepe Chedraui y MariElise Budib regalan juguetes a ni\u00f1as y ni\u00f1os de Centro Comunitario"},"content":{"rendered":"\n<p>Con una vibrante celebraci\u00f3n, el presidente municipal de Puebla, Pepe Chedraui, y la presidenta del Patronato del Sistema Municipal DIF (SMDIF), MariElise Budib, festejaron el D\u00eda de la Ni\u00f1ez en el Centro Comunitario H\u00e1bitat San Ram\u00f3n, repartiendo alegr\u00eda y juguetes a los ni\u00f1os de la zona. El evento se convirti\u00f3 en un espacio de sonrisas y diversi\u00f3n, resaltando el compromiso de las autoridades con el bienestar infantil en la capital poblana.<\/p>\n\n\n\n<p>Durante su intervenci\u00f3n, el alcalde Pepe Chedraui enfatiz\u00f3 la colaboraci\u00f3n entre el DIF estatal y municipal, liderados por Ceci Arellano y MariElise Budib respectivamente. Esta coordinaci\u00f3n estrat\u00e9gica, seg\u00fan Chedraui, ha sido crucial para dirigir esfuerzos y recursos hacia las personas en situaci\u00f3n de vulnerabilidad, un objetivo que resuena con los principios del humanismo mexicano.<br>El presidente municipal advirti\u00f3 que no tolerar\u00e1 actos irregulares en su gesti\u00f3n<br>El edil destac\u00f3 los significativos cambios impulsados por el SMDIF bajo la direcci\u00f3n de MariElise Budib, quienes, con el apoyo del SEDIF, han mejorado la alimentaci\u00f3n y recreaci\u00f3n de ni\u00f1os y j\u00f3venes en Puebla capital. Mencion\u00f3 programas como los desayunos calientes y nutritivos en escuelas p\u00fablicas, as\u00ed como los viajes al Parque Mundo Imayina, dise\u00f1ados para llevar momentos de alegr\u00eda a ni\u00f1os que requieren terapia y rehabilitaci\u00f3n.<\/p>\n\n\n\n<p>Por su parte, MariElise Budib, presidenta del patronato, subray\u00f3 la importancia de los ni\u00f1os como el futuro de la sociedad, reafirmando su compromiso de crear momentos de felicidad y amor. \u201cHoy es un d\u00eda para recordar lo valioso que es un ni\u00f1o, para decirles a todos que no est\u00e1n solos y que desde el DIF Capital Puebla estamos al pendiente de todos ustedes\u201d, expres\u00f3 Budib, enfatizando el compromiso del SMDIF con la ni\u00f1ez poblana.<\/p>\n\n\n\n<p>La entrega de juguetes fue un gesto simb\u00f3lico de cari\u00f1o y compromiso, buscando fomentar un futuro donde los ni\u00f1os crezcan como adultos felices y comprometidos con su comunidad. \u201cEsta entrega de juguetes es una muestra de cari\u00f1o y compromiso que tenemos con todos nuestros ni\u00f1os, porque sabemos que si ahorita los cuidamos con amor y atenci\u00f3n, el d\u00eda de ma\u00f1ana tendremos adultos felices y comprometidos con nuestra comunidad\u201d, puntualiz\u00f3 la presidenta del patronato.<\/p>\n\n\n\n<p>Los ni\u00f1os del sur de la ciudad disfrutaron de un espacio de esparcimiento y cada uno recibi\u00f3 un juguete de manos de MariElise Budib, con el objetivo de seguir sembrando sonrisas en los m\u00e1s peque\u00f1os de las familias poblanas. Este gesto form\u00f3 parte de una jornada llena de actividades recreativas y festivas.<br>En conjunto con el gobierno estatal se construyeron 22 techados escolares con una inversi\u00f3n superior a los 24 millones 500 mil pesos<br>Con estas acciones, el DIF Puebla Capital reafirma su misi\u00f3n de implementar programas sociales que prioricen el bienestar integral de los menores, buscando construir una sociedad m\u00e1s justa y solidaria. La jornada concluy\u00f3 con un ambiente de alegr\u00eda y esperanza, reforzando el v\u00ednculo entre la administraci\u00f3n municipal y la comunidad infantil.<\/p>\n","protected":false},"excerpt":{"rendered":"<p>Con una vibrante celebraci\u00f3n, el presidente municipal de Puebla, Pepe Chedraui, y la presidenta del Patronato del Sistema Municipal DIF (SMDIF), MariElise Budib, festejaron el D\u00eda de la Ni\u00f1ez en el Centro Comunitario H\u00e1bitat San Ram\u00f3n, repartiendo alegr\u00eda y juguetes a los ni\u00f1os de la zona. El evento se convirti\u00f3 en un espacio de sonrisas [&hellip;]<\/p>\n","protected":false},"author":4,"featured_media":62089,"comment_status":"open","ping_status":"open","sticky":false,"template":"","format":"standard","meta":{"om_disable_all_campaigns":false,"_monsterinsights_skip_tracking":false,"_monsterinsights_sitenote_active":false,"_monsterinsights_sitenote_note":"","_monsterinsights_sitenote_category":0,"footnotes":""},"categories":[175],"tags":[223],"class_list":["post-62088","post","type-post","status-publish","format-standard","has-post-thumbnail","hentry","category-local","tag-puebla"],"amp_enabled":true,"_links":{"self":[{"href":"https:\/\/lahora.mx\/index.php\/wp-json\/wp\/v2\/posts\/62088","targetHints":{"allow":["GET"]}}],"collection":[{"href":"https:\/\/lahora.mx\/index.php\/wp-json\/wp\/v2\/posts"}],"about":[{"href":"https:\/\/lahora.mx\/index.php\/wp-json\/wp\/v2\/types\/post"}],"author":[{"embeddable":true,"href":"https:\/\/lahora.mx\/index.php\/wp-json\/wp\/v2\/users\/4"}],"replies":[{"embeddable":true,"href":"https:\/\/lahora.mx\/index.php\/wp-json\/wp\/v2\/comments?post=62088"}],"version-history":[{"count":1,"href":"https:\/\/lahora.mx\/index.php\/wp-json\/wp\/v2\/posts\/62088\/revisions"}],"predecessor-version":[{"id":62090,"href":"https:\/\/lahora.mx\/index.php\/wp-json\/wp\/v2\/posts\/62088\/revisions\/62090"}],"wp:featuredmedia":[{"embeddable":true,"href":"https:\/\/lahora.mx\/index.php\/wp-json\/wp\/v2\/media\/62089"}],"wp:attachment":[{"href":"https:\/\/lahora.mx\/index.php\/wp-json\/wp\/v2\/media?parent=62088"}],"wp:term":[{"taxonomy":"category","embeddable":true,"href":"https:\/\/lahora.mx\/index.php\/wp-json\/wp\/v2\/categories?post=62088"},{"taxonomy":"post_tag","embeddable":true,"href":"https:\/\/lahora.mx\/index.php\/wp-json\/wp\/v2\/tags?post=62088"}],"curies":[{"name":"wp","href":"https:\/\/api.w.org\/{rel}","templated":true}]}}