{"id":62085,"date":"2025-05-08T23:34:08","date_gmt":"2025-05-08T23:34:08","guid":{"rendered":"https:\/\/lahora.mx\/?p=62085"},"modified":"2025-05-08T23:34:09","modified_gmt":"2025-05-08T23:34:09","slug":"se-viene-un-nuevo-gran-proyecto-automotriz-para-puebla-pero-le-toca-anunciarlo-a-la-presidenta-sheinbaum-armenta","status":"publish","type":"post","link":"https:\/\/lahora.mx\/index.php\/2025\/05\/08\/se-viene-un-nuevo-gran-proyecto-automotriz-para-puebla-pero-le-toca-anunciarlo-a-la-presidenta-sheinbaum-armenta\/","title":{"rendered":"Se viene un nuevo GRAN proyecto automotriz para Puebla, pero le toca anunciarlo a la presidenta Sheinbaum: Armenta"},"content":{"rendered":"\n<p>El gobernador Alejandro Armenta Mier revel\u00f3 que la presidenta Claudia Sheinbaum Pardo tiene preparado un gran proyecto automotriz para Puebla, pero evit\u00f3 dar m\u00e1s detalles del mismo, pues dijo que eso le corresponder\u00e1 a la mandataria.<\/p>\n\n\n\n<p>\u201cNo puedo darte a conocer el tema del proyecto automotriz que tiene nuestra presidenta. Puebla tendr\u00e1 un papel especial, pero ya en su momento ellos lo dir\u00e1n\u201d, agreg\u00f3.<\/p>\n\n\n\n<p>En entrevista con El Heraldo TV, Armenta Mier recalc\u00f3 que seguir\u00e1 contribuyendo en los proyectos tecnol\u00f3gicos realizados por la doctora Sheinbaum Pardo desde diversas dependencias del gobierno estatal.<\/p>\n\n\n\n<p>Adem\u00e1s, el gobernador poblano confirm\u00f3 que Volkswagen y Audi continuar\u00e1n invirtiendo en sus plantas asentadas en Puebla, en Cuautlancingo y San Jos\u00e9 Chiapa, respectivamente, al resaltar que Puebla es el segundo estado en producir y exportar autos en el pa\u00eds.<\/p>\n\n\n\n<p>Record\u00f3 que, previo a su toma de protesta, viaj\u00f3 a Alemania para visitar los corporativos de las empresas Volkswagen y Audi, a fin de dialogar con los directivos y continuar invirtiendo en la producci\u00f3n de veh\u00edculos.<\/p>\n\n\n\n<p>\u201cAlemania tiene muy claro que las plantas que hay en Puebla, en San Jos\u00e9 Chiapa \u2014de Audi\u2014 y Volkswagen, son importantes. Han seguido invirtiendo\u201d, dijo.<\/p>\n\n\n\n<p>Cabe recordar que, en los primeros meses de 2025, la econom\u00eda de Puebla enfrent\u00f3 una serie de desaf\u00edos debido a la imposici\u00f3n de aranceles del 25 por ciento por parte del gobierno de Estados Unidos a productos mexicanos, especialmente en los sectores del acero, aluminio y automotriz.<\/p>\n\n\n\n<p>Por ello, resalt\u00f3 la importancia de mantener la inversi\u00f3n en el sector automotriz. Al mismo tiempo, en dicha entrevista, aprovech\u00f3 para hacer un llamado a los inversionistas, pues destac\u00f3 que Puebla cuenta con los recursos necesarios para continuar produciendo.<\/p>\n\n\n\n<p>\u201cTenemos siete parques industriales, donde tenemos terreno. Queremos terreno, tenemos agua, tenemos incentivos fiscales, fundamentalmente para la inversi\u00f3n local, para la inversi\u00f3n nacional\u201d, finaliz\u00f3.<\/p>\n","protected":false},"excerpt":{"rendered":"<p>El gobernador Alejandro Armenta Mier revel\u00f3 que la presidenta Claudia Sheinbaum Pardo tiene preparado un gran proyecto automotriz para Puebla, pero evit\u00f3 dar m\u00e1s detalles del mismo, pues dijo que eso le corresponder\u00e1 a la mandataria. \u201cNo puedo darte a conocer el tema del proyecto automotriz que tiene nuestra presidenta. Puebla tendr\u00e1 un papel especial, [&hellip;]<\/p>\n","protected":false},"author":4,"featured_media":62086,"comment_status":"open","ping_status":"open","sticky":false,"template":"","format":"standard","meta":{"om_disable_all_campaigns":false,"_monsterinsights_skip_tracking":false,"_monsterinsights_sitenote_active":false,"_monsterinsights_sitenote_note":"","_monsterinsights_sitenote_category":0,"footnotes":""},"categories":[175],"tags":[239,223],"class_list":["post-62085","post","type-post","status-publish","format-standard","has-post-thumbnail","hentry","category-local","tag-gobierno","tag-puebla"],"amp_enabled":true,"_links":{"self":[{"href":"https:\/\/lahora.mx\/index.php\/wp-json\/wp\/v2\/posts\/62085","targetHints":{"allow":["GET"]}}],"collection":[{"href":"https:\/\/lahora.mx\/index.php\/wp-json\/wp\/v2\/posts"}],"about":[{"href":"https:\/\/lahora.mx\/index.php\/wp-json\/wp\/v2\/types\/post"}],"author":[{"embeddable":true,"href":"https:\/\/lahora.mx\/index.php\/wp-json\/wp\/v2\/users\/4"}],"replies":[{"embeddable":true,"href":"https:\/\/lahora.mx\/index.php\/wp-json\/wp\/v2\/comments?post=62085"}],"version-history":[{"count":1,"href":"https:\/\/lahora.mx\/index.php\/wp-json\/wp\/v2\/posts\/62085\/revisions"}],"predecessor-version":[{"id":62087,"href":"https:\/\/lahora.mx\/index.php\/wp-json\/wp\/v2\/posts\/62085\/revisions\/62087"}],"wp:featuredmedia":[{"embeddable":true,"href":"https:\/\/lahora.mx\/index.php\/wp-json\/wp\/v2\/media\/62086"}],"wp:attachment":[{"href":"https:\/\/lahora.mx\/index.php\/wp-json\/wp\/v2\/media?parent=62085"}],"wp:term":[{"taxonomy":"category","embeddable":true,"href":"https:\/\/lahora.mx\/index.php\/wp-json\/wp\/v2\/categories?post=62085"},{"taxonomy":"post_tag","embeddable":true,"href":"https:\/\/lahora.mx\/index.php\/wp-json\/wp\/v2\/tags?post=62085"}],"curies":[{"name":"wp","href":"https:\/\/api.w.org\/{rel}","templated":true}]}}