{"id":62076,"date":"2025-05-08T22:44:22","date_gmt":"2025-05-08T22:44:22","guid":{"rendered":"https:\/\/lahora.mx\/?p=62076"},"modified":"2025-05-08T22:44:23","modified_gmt":"2025-05-08T22:44:23","slug":"roberto-solis-impulsa-infraestructura-vial-en-huejotzingo","status":"publish","type":"post","link":"https:\/\/lahora.mx\/index.php\/2025\/05\/08\/roberto-solis-impulsa-infraestructura-vial-en-huejotzingo\/","title":{"rendered":"Roberto Sol\u00eds impulsa infraestructura vial en Huejotzingo"},"content":{"rendered":"\n<p>El presidente municipal Roberto Sol\u00eds Valles reafirma su compromiso con el desarrollo urbano y la mejora de la infraestructura vial en Huejotzingo. Esta semana, encabez\u00f3 la inauguraci\u00f3n de 2,180 metros lineales de pavimento rehabilitado con concreto asf\u00e1ltico, en el tramo que comprende el libramiento entre Avenida 20 de Noviembre y Avenida Anaya, una zona clave para la movilidad del municipio que no hab\u00eda sido intervenida en muchos a\u00f1os.<br>Durante el evento, Sol\u00eds Valles se\u00f1al\u00f3 que esta obra representa un compromiso cumplido con los ciudadanos:<\/p>\n\n\n\n<p>\u201cLe pedimos a la gente una oportunidad, y hoy estamos honrando nuestra palabra con hechos. Este pavimento tiene una duraci\u00f3n estimada de m\u00e1s de 10 a\u00f1os y es una inversi\u00f3n que beneficia directamente a miles de familias\u201d.<\/p>\n\n\n\n<p>El edil agradeci\u00f3 el apoyo del cabildo municipal, regidores y la s\u00edndico, quienes respaldaron esta obra como parte de un plan integral para modernizar la ciudad.<\/p>\n\n\n\n<p>Anuncian inversi\u00f3n de 80 millones para cinco nuevas obras carreteras<br>En el mismo marco, el alcalde Roberto Sol\u00eds anunci\u00f3 una nueva etapa de inversi\u00f3n para fortalecer la red vial del municipio. Se trata de una bolsa de 80 millones de pesos que ser\u00e1 destinada a cinco nuevas obras carreteras en Huejotzingo.<\/p>\n\n\n\n<p>La inversi\u00f3n ser\u00e1 compartida equitativamente entre el Gobierno del Estado de Puebla y el Ayuntamiento, lo que refleja la coordinaci\u00f3n entre niveles de gobierno para atender las necesidades de movilidad urbana y rural en el municipio.<\/p>\n\n\n\n<p>\u201cVamos a seguir trabajando en fraccionamientos, colonias y juntas auxiliares. Queremos poner a Huejotzingo ching\u00f3n, con vialidades modernas y seguras para todos\u201d, enfatiz\u00f3 Sol\u00eds Valles.<\/p>\n\n\n\n<p>Huejotzingo avanza con infraestructura moderna<br>Estas acciones consolidan una estrategia enfocada en la mejora de calles, caminos y avenidas clave para el desarrollo econ\u00f3mico y social de Huejotzingo. Con obras terminadas y nuevas inversiones en camino, el municipio se perfila como un modelo de gesti\u00f3n local eficiente y con resultados concretos.<\/p>\n","protected":false},"excerpt":{"rendered":"<p>El presidente municipal Roberto Sol\u00eds Valles reafirma su compromiso con el desarrollo urbano y la mejora de la infraestructura vial en Huejotzingo. Esta semana, encabez\u00f3 la inauguraci\u00f3n de 2,180 metros lineales de pavimento rehabilitado con concreto asf\u00e1ltico, en el tramo que comprende el libramiento entre Avenida 20 de Noviembre y Avenida Anaya, una zona clave [&hellip;]<\/p>\n","protected":false},"author":4,"featured_media":62077,"comment_status":"open","ping_status":"open","sticky":false,"template":"","format":"standard","meta":{"om_disable_all_campaigns":false,"_monsterinsights_skip_tracking":false,"_monsterinsights_sitenote_active":false,"_monsterinsights_sitenote_note":"","_monsterinsights_sitenote_category":0,"footnotes":""},"categories":[175],"tags":[223],"class_list":["post-62076","post","type-post","status-publish","format-standard","has-post-thumbnail","hentry","category-local","tag-puebla"],"amp_enabled":true,"_links":{"self":[{"href":"https:\/\/lahora.mx\/index.php\/wp-json\/wp\/v2\/posts\/62076","targetHints":{"allow":["GET"]}}],"collection":[{"href":"https:\/\/lahora.mx\/index.php\/wp-json\/wp\/v2\/posts"}],"about":[{"href":"https:\/\/lahora.mx\/index.php\/wp-json\/wp\/v2\/types\/post"}],"author":[{"embeddable":true,"href":"https:\/\/lahora.mx\/index.php\/wp-json\/wp\/v2\/users\/4"}],"replies":[{"embeddable":true,"href":"https:\/\/lahora.mx\/index.php\/wp-json\/wp\/v2\/comments?post=62076"}],"version-history":[{"count":1,"href":"https:\/\/lahora.mx\/index.php\/wp-json\/wp\/v2\/posts\/62076\/revisions"}],"predecessor-version":[{"id":62078,"href":"https:\/\/lahora.mx\/index.php\/wp-json\/wp\/v2\/posts\/62076\/revisions\/62078"}],"wp:featuredmedia":[{"embeddable":true,"href":"https:\/\/lahora.mx\/index.php\/wp-json\/wp\/v2\/media\/62077"}],"wp:attachment":[{"href":"https:\/\/lahora.mx\/index.php\/wp-json\/wp\/v2\/media?parent=62076"}],"wp:term":[{"taxonomy":"category","embeddable":true,"href":"https:\/\/lahora.mx\/index.php\/wp-json\/wp\/v2\/categories?post=62076"},{"taxonomy":"post_tag","embeddable":true,"href":"https:\/\/lahora.mx\/index.php\/wp-json\/wp\/v2\/tags?post=62076"}],"curies":[{"name":"wp","href":"https:\/\/api.w.org\/{rel}","templated":true}]}}