{"id":62069,"date":"2025-05-08T17:31:01","date_gmt":"2025-05-08T17:31:01","guid":{"rendered":"https:\/\/lahora.mx\/?p=62069"},"modified":"2025-05-08T17:31:02","modified_gmt":"2025-05-08T17:31:02","slug":"incendio-en-periferico-y-camino-real-moviliza-a-cuerpos-de-emergencia","status":"publish","type":"post","link":"https:\/\/lahora.mx\/index.php\/2025\/05\/08\/incendio-en-periferico-y-camino-real-moviliza-a-cuerpos-de-emergencia\/","title":{"rendered":"Incendio en Perif\u00e9rico y Camino Real moviliza a cuerpos de emergencia"},"content":{"rendered":"\n<p>Un incendio de gran magnitud se registr\u00f3 la noche de este mi\u00e9rcoles en el Perif\u00e9rico Ecol\u00f3gico, a la altura del Camino Real a Cholula, donde se encuentra cercana una gasolinera de Pemex.<\/p>\n\n\n\n<p>Alrededor de las 21:00 horas, comenzaron a circular en redes sociales videos del siniestro, captados por automovilistas que transitaban la zona. En las im\u00e1genes se observa la intensidad del fuego y la cercan\u00eda con la vialidad.<\/p>\n\n\n\n<p>En el sitio hubo presencia de cuerpos de bomberos, quienes trabajaron para controlar las llamas que se extendieron hasta el borde del predio, alcanzando la carretera del Perif\u00e9rico Ecol\u00f3gico.<\/p>\n\n\n\n<p>Hasta la ma\u00f1ana de este jueves, ninguna autoridad municipal ha emitido un informe oficial sobre el incidente ni sobre las posibles causas o afectaciones.<\/p>\n\n\n\n<p>Este siniestro se suma a los incendios forestales y urbanos que se han registrado en Cholula durante los \u00faltimos meses. En el municipio de San Pedro Cholula, se han atendido m\u00e1s de 20 incendios recientes, seg\u00fan reportes oficiales.<\/p>\n\n\n\n<p>Uno de los m\u00e1s relevantes ha sido el ocurrido en el Cerro Zapotecas, donde se han registrado al menos tres incendios de consideraci\u00f3n, debido a que las llamas se han extendido por varios metros de vegetaci\u00f3n.<\/p>\n\n\n\n<p>Otro hecho destacado ocurri\u00f3 hace casi un mes en un corral\u00f3n ubicado entre San Andr\u00e9s Calpan y San Pedro Cholula, donde m\u00e1s de 230 autom\u00f3viles resultaron calcinados tras un incendio que tard\u00f3 casi seis horas en ser controlado.<\/p>\n\n\n\n<p>Ante este contexto, la presidenta municipal de San Pedro Cholula, Tonantzin Fern\u00e1ndez D\u00edaz, declar\u00f3 que se presentar\u00e1n denuncias contra quienes resulten responsables de estos siniestros, al considerar que la mayor\u00eda han sido provocados.<\/p>\n","protected":false},"excerpt":{"rendered":"<p>Un incendio de gran magnitud se registr\u00f3 la noche de este mi\u00e9rcoles en el Perif\u00e9rico Ecol\u00f3gico, a la altura del Camino Real a Cholula, donde se encuentra cercana una gasolinera de Pemex. Alrededor de las 21:00 horas, comenzaron a circular en redes sociales videos del siniestro, captados por automovilistas que transitaban la zona. En las [&hellip;]<\/p>\n","protected":false},"author":4,"featured_media":62070,"comment_status":"open","ping_status":"open","sticky":false,"template":"","format":"standard","meta":{"om_disable_all_campaigns":false,"_monsterinsights_skip_tracking":false,"_monsterinsights_sitenote_active":false,"_monsterinsights_sitenote_note":"","_monsterinsights_sitenote_category":0,"footnotes":""},"categories":[175],"tags":[223],"class_list":["post-62069","post","type-post","status-publish","format-standard","has-post-thumbnail","hentry","category-local","tag-puebla"],"amp_enabled":true,"_links":{"self":[{"href":"https:\/\/lahora.mx\/index.php\/wp-json\/wp\/v2\/posts\/62069","targetHints":{"allow":["GET"]}}],"collection":[{"href":"https:\/\/lahora.mx\/index.php\/wp-json\/wp\/v2\/posts"}],"about":[{"href":"https:\/\/lahora.mx\/index.php\/wp-json\/wp\/v2\/types\/post"}],"author":[{"embeddable":true,"href":"https:\/\/lahora.mx\/index.php\/wp-json\/wp\/v2\/users\/4"}],"replies":[{"embeddable":true,"href":"https:\/\/lahora.mx\/index.php\/wp-json\/wp\/v2\/comments?post=62069"}],"version-history":[{"count":1,"href":"https:\/\/lahora.mx\/index.php\/wp-json\/wp\/v2\/posts\/62069\/revisions"}],"predecessor-version":[{"id":62071,"href":"https:\/\/lahora.mx\/index.php\/wp-json\/wp\/v2\/posts\/62069\/revisions\/62071"}],"wp:featuredmedia":[{"embeddable":true,"href":"https:\/\/lahora.mx\/index.php\/wp-json\/wp\/v2\/media\/62070"}],"wp:attachment":[{"href":"https:\/\/lahora.mx\/index.php\/wp-json\/wp\/v2\/media?parent=62069"}],"wp:term":[{"taxonomy":"category","embeddable":true,"href":"https:\/\/lahora.mx\/index.php\/wp-json\/wp\/v2\/categories?post=62069"},{"taxonomy":"post_tag","embeddable":true,"href":"https:\/\/lahora.mx\/index.php\/wp-json\/wp\/v2\/tags?post=62069"}],"curies":[{"name":"wp","href":"https:\/\/api.w.org\/{rel}","templated":true}]}}