{"id":62056,"date":"2025-05-08T00:59:27","date_gmt":"2025-05-08T00:59:27","guid":{"rendered":"https:\/\/lahora.mx\/?p=62056"},"modified":"2025-05-08T00:59:27","modified_gmt":"2025-05-08T00:59:27","slug":"no-se-dara-un-paso-atras-en-el-combate-a-la-delincuencia-el-titular-de-la-ssp-responde-a-las-amenazas-de-cjng-a-funcionarios","status":"publish","type":"post","link":"https:\/\/lahora.mx\/index.php\/2025\/05\/08\/no-se-dara-un-paso-atras-en-el-combate-a-la-delincuencia-el-titular-de-la-ssp-responde-a-las-amenazas-de-cjng-a-funcionarios\/","title":{"rendered":"No se dar\u00e1 un paso atr\u00e1s en el combate a la delincuencia; el titular de la SSP responde a las amenazas de CJNG a funcionarios"},"content":{"rendered":"\n<p>El titular de la SSP, vicealmirante Francisco S\u00e1nchez Gonz\u00e1lez, afirm\u00f3 que no dar\u00e1n un paso atr\u00e1s en el combate a la delincuencia en Puebla, debido a la difusi\u00f3n de un video de la CJNG con amenazas a funcionarios y diputados.<\/p>\n\n\n\n<p>Durante la rueda de prensa de la ma\u00f1anera del gobernador Alejandro Armenta, S\u00e1nchez Gonz\u00e1lez expres\u00f3 que reforzar\u00e1 la seguridad en el Estado y mencion\u00f3 que no es la primera vez que le pasa recibir este tipo de amenazas.<\/p>\n\n\n\n<p>\u201cQuiero decirles que la posici\u00f3n de nosotros es clara no vamos a dar ni un paso atr\u00e1s, tenemos la experiencia de haber recibido este tipo de mensajes, quiero decirles que estamos tranquilos enfocados en seguir trabajando\u201d expres\u00f3 el vicealmirante.<\/p>\n\n\n\n<p>Asimismo, el titular de la Secretar\u00eda de Seguridad P\u00fablica inform\u00f3 que tanto \u00e9l como el titular de la SSC, F\u00e9lix Pallares cuentan con un buen dispositivo de seguridad por parte de la SEDENA, luego del amenazador mensaje de la CJNG.<\/p>\n\n\n\n<p>\u201cSabemos que obviamente el hecho de que tengamos acci\u00f3n contra grupos delictivos tiene que traer alguna consecuencia pero estamos tranquilos y vamos a seguir la misma postura trabajando con las tres \u00f3rdenes de gobierno\u201d mencion\u00f3.<\/p>\n\n\n\n<p>De esta manera tambi\u00e9n detall\u00f3 que durante la mesa de seguridad del d\u00eda de ayer, recibi\u00f3 el apoyo por parte de todos los funcionarios que la integran y se comunic\u00f3 con el diputado Andr\u00e9s Villegas para mostrar su apoyo y darle las medidas de seguridad que se requieren.<\/p>\n","protected":false},"excerpt":{"rendered":"<p>El titular de la SSP, vicealmirante Francisco S\u00e1nchez Gonz\u00e1lez, afirm\u00f3 que no dar\u00e1n un paso atr\u00e1s en el combate a la delincuencia en Puebla, debido a la difusi\u00f3n de un video de la CJNG con amenazas a funcionarios y diputados. Durante la rueda de prensa de la ma\u00f1anera del gobernador Alejandro Armenta, S\u00e1nchez Gonz\u00e1lez expres\u00f3 [&hellip;]<\/p>\n","protected":false},"author":4,"featured_media":62057,"comment_status":"open","ping_status":"open","sticky":false,"template":"","format":"standard","meta":{"om_disable_all_campaigns":false,"_monsterinsights_skip_tracking":false,"_monsterinsights_sitenote_active":false,"_monsterinsights_sitenote_note":"","_monsterinsights_sitenote_category":0,"footnotes":""},"categories":[175],"tags":[195],"class_list":["post-62056","post","type-post","status-publish","format-standard","has-post-thumbnail","hentry","category-local","tag-principal"],"amp_enabled":true,"_links":{"self":[{"href":"https:\/\/lahora.mx\/index.php\/wp-json\/wp\/v2\/posts\/62056","targetHints":{"allow":["GET"]}}],"collection":[{"href":"https:\/\/lahora.mx\/index.php\/wp-json\/wp\/v2\/posts"}],"about":[{"href":"https:\/\/lahora.mx\/index.php\/wp-json\/wp\/v2\/types\/post"}],"author":[{"embeddable":true,"href":"https:\/\/lahora.mx\/index.php\/wp-json\/wp\/v2\/users\/4"}],"replies":[{"embeddable":true,"href":"https:\/\/lahora.mx\/index.php\/wp-json\/wp\/v2\/comments?post=62056"}],"version-history":[{"count":1,"href":"https:\/\/lahora.mx\/index.php\/wp-json\/wp\/v2\/posts\/62056\/revisions"}],"predecessor-version":[{"id":62058,"href":"https:\/\/lahora.mx\/index.php\/wp-json\/wp\/v2\/posts\/62056\/revisions\/62058"}],"wp:featuredmedia":[{"embeddable":true,"href":"https:\/\/lahora.mx\/index.php\/wp-json\/wp\/v2\/media\/62057"}],"wp:attachment":[{"href":"https:\/\/lahora.mx\/index.php\/wp-json\/wp\/v2\/media?parent=62056"}],"wp:term":[{"taxonomy":"category","embeddable":true,"href":"https:\/\/lahora.mx\/index.php\/wp-json\/wp\/v2\/categories?post=62056"},{"taxonomy":"post_tag","embeddable":true,"href":"https:\/\/lahora.mx\/index.php\/wp-json\/wp\/v2\/tags?post=62056"}],"curies":[{"name":"wp","href":"https:\/\/api.w.org\/{rel}","templated":true}]}}