{"id":62052,"date":"2025-05-08T00:50:13","date_gmt":"2025-05-08T00:50:13","guid":{"rendered":"https:\/\/lahora.mx\/?p=62052"},"modified":"2025-05-08T00:51:12","modified_gmt":"2025-05-08T00:51:12","slug":"papas-denuncian-intento-de-secuestro-de-dos-estudiantes","status":"publish","type":"post","link":"https:\/\/lahora.mx\/index.php\/2025\/05\/08\/papas-denuncian-intento-de-secuestro-de-dos-estudiantes\/","title":{"rendered":"\u00a0Pap\u00e1s denuncian intent\u00f3 de secuestro de dos estudiantes"},"content":{"rendered":"\n<p>Padres de familia del colegio Esparza en Chapulco, denuncian que se sienten intranquilos luego de que, a la hora de salida del d\u00eda de ayer, sujetos armados intentaron llevarse a dos estudiantes que se encontraban en un veh\u00edculo.<\/p>\n\n\n\n<p>Minutos de tensi\u00f3n y p\u00e1nico se vivieron la tarde del martes, a las afueras del Colegio Esparza, ubicado en Chapulco, luego de que una mujer fuera a recoger a dos estudiantes de secundaria (a\u00fan se desconoce si se tratar\u00eda de sus hijos), cuando fue interceptadas de manera directa por al menos dos sicarios en motocicleta.<\/p>\n\n\n\n<p>La versi\u00f3n de los hechos es que la mujer opuso resistencia y como pudo logr\u00f3 salvarse del ataque, pues a la hora de forcejear con uno de los delincuentes, \u00e9ste cay\u00f3 y tir\u00f3 el arma.<\/p>\n\n\n\n<p>Al momento, se desconoce si los responsables pretend\u00edan robarse la camioneta o si se trat\u00f3 de un intento de secuestro a los j\u00f3venes de secundaria, pues las autoridades educativas no han emitido ninguna postura al respecto.<\/p>\n\n\n\n<p>Se espera que en pr\u00f3ximas horas, el Colegio Esparza emita un comunicado, en torno a lo sucedido, a fin de aclarar tal situaci\u00f3n que mantiene preocupados e intranquilos a los padres de familia.<\/p>\n","protected":false},"excerpt":{"rendered":"<p>Padres de familia del colegio Esparza en Chapulco, denuncian que se sienten intranquilos luego de que, a la hora de salida del d\u00eda de ayer, sujetos armados intentaron llevarse a dos estudiantes que se encontraban en un veh\u00edculo. Minutos de tensi\u00f3n y p\u00e1nico se vivieron la tarde del martes, a las afueras del Colegio Esparza, [&hellip;]<\/p>\n","protected":false},"author":4,"featured_media":62053,"comment_status":"open","ping_status":"open","sticky":false,"template":"","format":"standard","meta":{"om_disable_all_campaigns":false,"_monsterinsights_skip_tracking":false,"_monsterinsights_sitenote_active":false,"_monsterinsights_sitenote_note":"","_monsterinsights_sitenote_category":0,"footnotes":""},"categories":[175,226],"tags":[223],"class_list":["post-62052","post","type-post","status-publish","format-standard","has-post-thumbnail","hentry","category-local","category-policia","tag-puebla"],"amp_enabled":true,"_links":{"self":[{"href":"https:\/\/lahora.mx\/index.php\/wp-json\/wp\/v2\/posts\/62052","targetHints":{"allow":["GET"]}}],"collection":[{"href":"https:\/\/lahora.mx\/index.php\/wp-json\/wp\/v2\/posts"}],"about":[{"href":"https:\/\/lahora.mx\/index.php\/wp-json\/wp\/v2\/types\/post"}],"author":[{"embeddable":true,"href":"https:\/\/lahora.mx\/index.php\/wp-json\/wp\/v2\/users\/4"}],"replies":[{"embeddable":true,"href":"https:\/\/lahora.mx\/index.php\/wp-json\/wp\/v2\/comments?post=62052"}],"version-history":[{"count":2,"href":"https:\/\/lahora.mx\/index.php\/wp-json\/wp\/v2\/posts\/62052\/revisions"}],"predecessor-version":[{"id":62055,"href":"https:\/\/lahora.mx\/index.php\/wp-json\/wp\/v2\/posts\/62052\/revisions\/62055"}],"wp:featuredmedia":[{"embeddable":true,"href":"https:\/\/lahora.mx\/index.php\/wp-json\/wp\/v2\/media\/62053"}],"wp:attachment":[{"href":"https:\/\/lahora.mx\/index.php\/wp-json\/wp\/v2\/media?parent=62052"}],"wp:term":[{"taxonomy":"category","embeddable":true,"href":"https:\/\/lahora.mx\/index.php\/wp-json\/wp\/v2\/categories?post=62052"},{"taxonomy":"post_tag","embeddable":true,"href":"https:\/\/lahora.mx\/index.php\/wp-json\/wp\/v2\/tags?post=62052"}],"curies":[{"name":"wp","href":"https:\/\/api.w.org\/{rel}","templated":true}]}}