{"id":62042,"date":"2025-05-07T23:28:01","date_gmt":"2025-05-07T23:28:01","guid":{"rendered":"https:\/\/lahora.mx\/?p=62042"},"modified":"2025-05-07T23:28:01","modified_gmt":"2025-05-07T23:28:01","slug":"se-contemplan-hasta-500-casas-en-la-primera-etapa-del-plan-de-vivienda-para-policias-y-bomberos-garcia-parra","status":"publish","type":"post","link":"https:\/\/lahora.mx\/index.php\/2025\/05\/07\/se-contemplan-hasta-500-casas-en-la-primera-etapa-del-plan-de-vivienda-para-policias-y-bomberos-garcia-parra\/","title":{"rendered":"Se contemplan hasta 500 casas en la primera etapa del plan de vivienda para polic\u00edas y bomberos: Garc\u00eda Parra"},"content":{"rendered":"\n<p>El gobierno estatal avanza en el plan de vivienda destinado a mejorar las condiciones de vida de polic\u00edas y bomberos en la zona metropolitana de Puebla, y ya se tiene contemplada la construcci\u00f3n de entre 300 y 500 casas en una primera etapa.<\/p>\n\n\n\n<p>As\u00ed lo dio a conocer Jos\u00e9 Luis Garc\u00eda Parra, coordinador del gabinete estatal, quien record\u00f3 que ya se cuenta con 16.5 hect\u00e1reas distribuidas en diversos predios de la zona metropolitana de la capital poblana.<\/p>\n\n\n\n<p>Detall\u00f3 que el proyecto contempla dos modelos habitacionales: una opci\u00f3n vertical, en edificios, y otra conocida como \u201cpie de casa\u201d, dise\u00f1ada con un enfoque m\u00e1s familiar.<\/p>\n\n\n\n<p>Seg\u00fan explic\u00f3 Garc\u00eda Parra, el gobernador Alejandro Armenta instruy\u00f3 que el modelo pie de casa cuente con un terreno de 100 metros cuadrados, de los cuales 60 se destinar\u00e1n a construcci\u00f3n. Esto permitir\u00e1 incluir un jard\u00edn al frente y otro en la parte posterior, adem\u00e1s de otros componentes que el mandatario considera integrar para ofrecer una soluci\u00f3n habitacional completa.<\/p>\n\n\n\n<p>\u201cEstamos afinando los detalles de ambos prototipos\u201d, explic\u00f3 Garc\u00eda Parra, quien subray\u00f3 que el dise\u00f1o final del plan de vivienda buscar\u00e1 responder tanto a necesidades funcionales como al bienestar de los beneficiarios.<\/p>\n","protected":false},"excerpt":{"rendered":"<p>El gobierno estatal avanza en el plan de vivienda destinado a mejorar las condiciones de vida de polic\u00edas y bomberos en la zona metropolitana de Puebla, y ya se tiene contemplada la construcci\u00f3n de entre 300 y 500 casas en una primera etapa. As\u00ed lo dio a conocer Jos\u00e9 Luis Garc\u00eda Parra, coordinador del gabinete [&hellip;]<\/p>\n","protected":false},"author":4,"featured_media":62043,"comment_status":"open","ping_status":"open","sticky":false,"template":"","format":"standard","meta":{"om_disable_all_campaigns":false,"_monsterinsights_skip_tracking":false,"_monsterinsights_sitenote_active":false,"_monsterinsights_sitenote_note":"","_monsterinsights_sitenote_category":0,"footnotes":""},"categories":[175],"tags":[195,223],"class_list":["post-62042","post","type-post","status-publish","format-standard","has-post-thumbnail","hentry","category-local","tag-principal","tag-puebla"],"amp_enabled":true,"_links":{"self":[{"href":"https:\/\/lahora.mx\/index.php\/wp-json\/wp\/v2\/posts\/62042","targetHints":{"allow":["GET"]}}],"collection":[{"href":"https:\/\/lahora.mx\/index.php\/wp-json\/wp\/v2\/posts"}],"about":[{"href":"https:\/\/lahora.mx\/index.php\/wp-json\/wp\/v2\/types\/post"}],"author":[{"embeddable":true,"href":"https:\/\/lahora.mx\/index.php\/wp-json\/wp\/v2\/users\/4"}],"replies":[{"embeddable":true,"href":"https:\/\/lahora.mx\/index.php\/wp-json\/wp\/v2\/comments?post=62042"}],"version-history":[{"count":1,"href":"https:\/\/lahora.mx\/index.php\/wp-json\/wp\/v2\/posts\/62042\/revisions"}],"predecessor-version":[{"id":62044,"href":"https:\/\/lahora.mx\/index.php\/wp-json\/wp\/v2\/posts\/62042\/revisions\/62044"}],"wp:featuredmedia":[{"embeddable":true,"href":"https:\/\/lahora.mx\/index.php\/wp-json\/wp\/v2\/media\/62043"}],"wp:attachment":[{"href":"https:\/\/lahora.mx\/index.php\/wp-json\/wp\/v2\/media?parent=62042"}],"wp:term":[{"taxonomy":"category","embeddable":true,"href":"https:\/\/lahora.mx\/index.php\/wp-json\/wp\/v2\/categories?post=62042"},{"taxonomy":"post_tag","embeddable":true,"href":"https:\/\/lahora.mx\/index.php\/wp-json\/wp\/v2\/tags?post=62042"}],"curies":[{"name":"wp","href":"https:\/\/api.w.org\/{rel}","templated":true}]}}