{"id":62039,"date":"2025-05-07T23:25:58","date_gmt":"2025-05-07T23:25:58","guid":{"rendered":"https:\/\/lahora.mx\/?p=62039"},"modified":"2025-05-07T23:25:58","modified_gmt":"2025-05-07T23:25:58","slug":"ciudad-modelo-se-convertira-en-capital-de-la-tecnologia-y-sostenibilidad","status":"publish","type":"post","link":"https:\/\/lahora.mx\/index.php\/2025\/05\/07\/ciudad-modelo-se-convertira-en-capital-de-la-tecnologia-y-sostenibilidad\/","title":{"rendered":"Ciudad Modelo se convertir\u00e1 en Capital de la Tecnolog\u00eda y Sostenibilidad"},"content":{"rendered":"\n<p>Ciudad Modelo, ubicado en el municipio de San Jos\u00e9 Chiapa, cambiar\u00e1 de nombre a Capital de la Tecnolog\u00eda y Sostenibilidad, anunci\u00f3 el gobernador de Puebla, Alejandro Armenta Mier, quien detall\u00f3 que el Organismo P\u00fablico Descentralizado (OPD) tendr\u00e1 a su cargo los ocho parques industriales para ser un polo de atracci\u00f3n para inversiones extranjeras, nacionales y locales.<\/p>\n\n\n\n<p>Esto luego de oficializar el nombramiento de Jos\u00e9 Antonio Silva Hern\u00e1ndez como director de Ciudad Modelo, a un mes de que el organismo se encontraba ac\u00e9falo por el fallecimiento de su titular, Francisco \u00c9dgar Guerrero.<\/p>\n\n\n\n<p>El mandatario estatal dijo que en pr\u00f3ximos d\u00edas enviar\u00e1 al Poder Legislativo una iniciativa de reforma a la norma para modificar la estructura del OPD y de esta manera dejar de estar adherido a la Secretar\u00eda de Desarrollo Econ\u00f3mico y Trabajo (Sedetra) para depender exclusivamente del Ejecutivo estatal, esto para evitar el burocratismo en la ejecuci\u00f3n de programas y proyectos que beneficien a los empresarios.<\/p>\n\n\n\n<p><br>Anuncia Alejandro Armenta la desaparici\u00f3n del CAPCEE; ha sido instituci\u00f3n de saqueos, acusa<br>CAPCEE tiene por objetivo formular, aplicar ejecutar y vigilar la construcci\u00f3n de la infraestructura f\u00edsica educativa<br>Queremos que sea un detonador de inversiones locales y nacionales para consolidar nuestra soberan\u00eda tecnol\u00f3gica y convertir a Puebla en el principal proveedor de productos, mercanc\u00edas, capital humano, y agronegocios sustentables aprovechando la consolidaci\u00f3n del tren interoce\u00e1nico<br>expuso al recordar que la transici\u00f3n forma parte de sus compromisos de campa\u00f1a.<br>Armenta Mier subray\u00f3 que las modificaciones van m\u00e1s all\u00e1 del nombre, toda vez que el organismo tendr\u00e1 como principal objetivo coordinar los ocho parques industriales p\u00fablicos, as\u00ed como ser un polo estrat\u00e9gico de inversi\u00f3n para grandes, medianos, peque\u00f1os y microempresarios nacionales y locales.<\/p>\n\n\n\n<p>De igual manera, reiter\u00f3 que el organismo no solo ser\u00e1 orientado a la inversi\u00f3n extranjera directa, tambi\u00e9n para fomentar la soberan\u00eda tecnol\u00f3gica del pa\u00eds y la entidad poblana. En este sentido, se\u00f1al\u00f3 que, as\u00ed como a las empresas armadoras de veh\u00edculos\u2013como Audi y Volkswagen\u2013 se les \u201cabri\u00f3 la puerta\u201d de la entidad mediante el aprovechamiento de tierras, agua e incentivos fiscales, esto se tiene que replicar a empresas mexicanas.<\/p>\n\n\n\n<p>\u201cEse es el reto que tiene Jos\u00e9 Antonio, estoy seguro de que lo va a hacer porque lo conozco, s\u00e9 de su vocaci\u00f3n, profesionalismo, y doy testimonio de su capacidad profesional, con esto le damos la bienvenida\u201d, sum\u00f3.<\/p>\n\n\n\n<p>Adem\u00e1s, dijo que con estos cambios se asume la visi\u00f3n federal de desarrollo por parte de la presidenta, Claudia Sheinbaum Pardo, que busca posicionar a la naci\u00f3n como un polo de atracci\u00f3n de inversi\u00f3n e innovaci\u00f3n.<\/p>\n\n\n\n<p>El gobernador de Puebla, Alejandro Armenta Mier, exigi\u00f3 a presidentes municipales \u201cno distraerse\u201d en obras sin impacto social<br>Confirma Armenta que encabezar\u00e1 reuni\u00f3n con buscadoras<br>El mandatario fue cuestionado sobre las acciones de b\u00fasqueda que se realizan para localizar a Guillermo L\u00f3pez<br>En Tianguis tur\u00edstico Puebla suma m\u00e1s de mil 500 compradores<br>En otro orden de ideas, la subsecretaria de Turismo estatal, Carla L\u00f3pez Malo, inform\u00f3 que durante el Tianguis Tur\u00edstico, Puebla logr\u00f3 350 citas de negocios, captaron mil 159 compradores, de los cuales el 70 por ciento eran de Estados Unidos y Canad\u00e1.<\/p>\n\n\n\n<p>Adem\u00e1s, se firmaron 19 convenios, entre ellos con la Secretar\u00eda de Turismo y la Organizaci\u00f3n de las Naciones Unidas para la Educaci\u00f3n, la Ciencia y la Cultura, para la creaci\u00f3n de la gu\u00eda nacional de experiencias tur\u00edsticas comunitarias.<\/p>\n\n\n\n<p>A la par, record\u00f3 que la entidad recibi\u00f3 galardones, entre ellos Cuetzalan como el mejor pueblo m\u00e1gico para una escapada rom\u00e1ntica, el municipio de Puebla por el mejor espacio para descubrir por carretera y el Chile en Nogada, como mejor platillo del pa\u00eds.<\/p>\n\n\n\n<p>Por su parte, la titular de Parques y Convenciones, Michelle Talavera, indic\u00f3 que desde el arranque de la Feria de Puebla 2025, el pasado 24 de abril, se han recibido medio mill\u00f3n de visitantes, as\u00ed como 200 mil personas que acudieron a conciertos gratuitos en el Teatro del Puebla y 50 mil personas al Palenque.<\/p>\n\n\n\n<p>De igual manera, dijo que todos los d\u00edas se ha desplegado un operativo de seguridad con m\u00e1s de mil 400 elementos, 15 caninos y seis equinos, con el objetivo de resguardar la integridad de los asistentes.<\/p>\n","protected":false},"excerpt":{"rendered":"<p>Ciudad Modelo, ubicado en el municipio de San Jos\u00e9 Chiapa, cambiar\u00e1 de nombre a Capital de la Tecnolog\u00eda y Sostenibilidad, anunci\u00f3 el gobernador de Puebla, Alejandro Armenta Mier, quien detall\u00f3 que el Organismo P\u00fablico Descentralizado (OPD) tendr\u00e1 a su cargo los ocho parques industriales para ser un polo de atracci\u00f3n para inversiones extranjeras, nacionales y [&hellip;]<\/p>\n","protected":false},"author":4,"featured_media":62040,"comment_status":"open","ping_status":"open","sticky":false,"template":"","format":"standard","meta":{"om_disable_all_campaigns":false,"_monsterinsights_skip_tracking":false,"_monsterinsights_sitenote_active":false,"_monsterinsights_sitenote_note":"","_monsterinsights_sitenote_category":0,"footnotes":""},"categories":[175],"tags":[223],"class_list":["post-62039","post","type-post","status-publish","format-standard","has-post-thumbnail","hentry","category-local","tag-puebla"],"amp_enabled":true,"_links":{"self":[{"href":"https:\/\/lahora.mx\/index.php\/wp-json\/wp\/v2\/posts\/62039","targetHints":{"allow":["GET"]}}],"collection":[{"href":"https:\/\/lahora.mx\/index.php\/wp-json\/wp\/v2\/posts"}],"about":[{"href":"https:\/\/lahora.mx\/index.php\/wp-json\/wp\/v2\/types\/post"}],"author":[{"embeddable":true,"href":"https:\/\/lahora.mx\/index.php\/wp-json\/wp\/v2\/users\/4"}],"replies":[{"embeddable":true,"href":"https:\/\/lahora.mx\/index.php\/wp-json\/wp\/v2\/comments?post=62039"}],"version-history":[{"count":1,"href":"https:\/\/lahora.mx\/index.php\/wp-json\/wp\/v2\/posts\/62039\/revisions"}],"predecessor-version":[{"id":62041,"href":"https:\/\/lahora.mx\/index.php\/wp-json\/wp\/v2\/posts\/62039\/revisions\/62041"}],"wp:featuredmedia":[{"embeddable":true,"href":"https:\/\/lahora.mx\/index.php\/wp-json\/wp\/v2\/media\/62040"}],"wp:attachment":[{"href":"https:\/\/lahora.mx\/index.php\/wp-json\/wp\/v2\/media?parent=62039"}],"wp:term":[{"taxonomy":"category","embeddable":true,"href":"https:\/\/lahora.mx\/index.php\/wp-json\/wp\/v2\/categories?post=62039"},{"taxonomy":"post_tag","embeddable":true,"href":"https:\/\/lahora.mx\/index.php\/wp-json\/wp\/v2\/tags?post=62039"}],"curies":[{"name":"wp","href":"https:\/\/api.w.org\/{rel}","templated":true}]}}