{"id":62033,"date":"2025-05-07T19:03:49","date_gmt":"2025-05-07T19:03:49","guid":{"rendered":"https:\/\/lahora.mx\/?p=62033"},"modified":"2025-05-07T19:03:49","modified_gmt":"2025-05-07T19:03:49","slug":"ingobernabilidad-en-tepeojuma-ocurren-balaceras-ejecuciones-y-atentado-vs-edil-gustavo-sanchez","status":"publish","type":"post","link":"https:\/\/lahora.mx\/index.php\/2025\/05\/07\/ingobernabilidad-en-tepeojuma-ocurren-balaceras-ejecuciones-y-atentado-vs-edil-gustavo-sanchez\/","title":{"rendered":"Ingobernabilidad en Tepeojuma: ocurren balaceras, ejecuciones y atentado vs edil Gustavo S\u00e1nchez"},"content":{"rendered":"\n<p>La violencia ha echado ra\u00edces en Tepeojuma, pues en menos de un mes, este municipio de la Mixteca poblana ha sido escenario de atentados armados, ejecuciones, ajustes de cuentas y detonaciones con armas de fuego, lo que refleja un deterioro grave del orden p\u00fablico y una creciente amenaza contra autoridades y poblaci\u00f3n civil.<\/p>\n\n\n\n<p>El caso m\u00e1s reciente ocurri\u00f3 este martes cuando sujetos desconocidos dispararon en contra de una patrulla, y presuntamente hirieron a dos elementos estatales en consecuencia, hay cuatro detenidos.<\/p>\n\n\n\n<p>Previamente, en d\u00edas pasados, una pareja fue atacada a balazos en las inmediaciones de las canchas Irineo V\u00e1zquez. El hombre, identificado como Isaac N, y su acompa\u00f1ante, Isabel N, resultaron lesionados; ella permanece hospitalizada con heridas de gravedad. Las autoridades locales no descartan que el hecho est\u00e9 relacionado con un ajuste de cuentas.<\/p>\n\n\n\n<p>Este ataque se suma al presunto atentado que sufri\u00f3 el presidente municipal de Tepeojuma, Gustavo S\u00e1nchez Marti\u00f1\u00f3n, la noche del 23 de abril. Mientras regresaba de la feria patronal de Santa Mar\u00eda Zoyatla \u2014donde minutos antes hab\u00eda hecho una donaci\u00f3n de juegos mec\u00e1nicos\u2014, hombres armados emboscaron el convoy en el que se trasladaba.<\/p>\n\n\n\n<p>Aunque la camioneta del alcalde logr\u00f3 evadir los disparos, una patrulla que lo escoltaba recibi\u00f3 impactos de bala. Ning\u00fan elemento result\u00f3 herido, pero el mensaje fue claro: la violencia ya no respeta ni los actos p\u00fablicos.<\/p>\n\n\n\n<p>A este escenario se suman los asesinatos recientes de dos hombres con arma de fuego. Uno de ellos fue ejecutado a pocos metros del palacio municipal, y otro fue hallado sin vida en un tramo del libramiento carretero.<\/p>\n\n\n\n<p>Asimismo, se report\u00f3 la presencia de civiles \u2014identificados como David y su hermana\u2014 realizando detonaciones en una comunidad de Tepeojuma sin que hasta ahora haya consecuencias judiciales claras.<\/p>\n\n\n\n<p>Entre los episodios m\u00e1s graves tambi\u00e9n figura el homicidio de un ex candidato de Movimiento Ciudadano, cuyo asesinato se suma al clima de tensi\u00f3n que se vive entre actores pol\u00edticos de la regi\u00f3n.<\/p>\n","protected":false},"excerpt":{"rendered":"<p>La violencia ha echado ra\u00edces en Tepeojuma, pues en menos de un mes, este municipio de la Mixteca poblana ha sido escenario de atentados armados, ejecuciones, ajustes de cuentas y detonaciones con armas de fuego, lo que refleja un deterioro grave del orden p\u00fablico y una creciente amenaza contra autoridades y poblaci\u00f3n civil. El caso [&hellip;]<\/p>\n","protected":false},"author":4,"featured_media":62034,"comment_status":"open","ping_status":"open","sticky":false,"template":"","format":"standard","meta":{"om_disable_all_campaigns":false,"_monsterinsights_skip_tracking":false,"_monsterinsights_sitenote_active":false,"_monsterinsights_sitenote_note":"","_monsterinsights_sitenote_category":0,"footnotes":""},"categories":[175],"tags":[223],"class_list":["post-62033","post","type-post","status-publish","format-standard","has-post-thumbnail","hentry","category-local","tag-puebla"],"amp_enabled":true,"_links":{"self":[{"href":"https:\/\/lahora.mx\/index.php\/wp-json\/wp\/v2\/posts\/62033","targetHints":{"allow":["GET"]}}],"collection":[{"href":"https:\/\/lahora.mx\/index.php\/wp-json\/wp\/v2\/posts"}],"about":[{"href":"https:\/\/lahora.mx\/index.php\/wp-json\/wp\/v2\/types\/post"}],"author":[{"embeddable":true,"href":"https:\/\/lahora.mx\/index.php\/wp-json\/wp\/v2\/users\/4"}],"replies":[{"embeddable":true,"href":"https:\/\/lahora.mx\/index.php\/wp-json\/wp\/v2\/comments?post=62033"}],"version-history":[{"count":1,"href":"https:\/\/lahora.mx\/index.php\/wp-json\/wp\/v2\/posts\/62033\/revisions"}],"predecessor-version":[{"id":62035,"href":"https:\/\/lahora.mx\/index.php\/wp-json\/wp\/v2\/posts\/62033\/revisions\/62035"}],"wp:featuredmedia":[{"embeddable":true,"href":"https:\/\/lahora.mx\/index.php\/wp-json\/wp\/v2\/media\/62034"}],"wp:attachment":[{"href":"https:\/\/lahora.mx\/index.php\/wp-json\/wp\/v2\/media?parent=62033"}],"wp:term":[{"taxonomy":"category","embeddable":true,"href":"https:\/\/lahora.mx\/index.php\/wp-json\/wp\/v2\/categories?post=62033"},{"taxonomy":"post_tag","embeddable":true,"href":"https:\/\/lahora.mx\/index.php\/wp-json\/wp\/v2\/tags?post=62033"}],"curies":[{"name":"wp","href":"https:\/\/api.w.org\/{rel}","templated":true}]}}