{"id":62021,"date":"2025-05-07T15:55:32","date_gmt":"2025-05-07T15:55:32","guid":{"rendered":"https:\/\/lahora.mx\/?p=62021"},"modified":"2025-05-07T15:55:32","modified_gmt":"2025-05-07T15:55:32","slug":"inicia-el-conclave-para-elegir-al-sucesor-de-francisco-en-el-vaticano","status":"publish","type":"post","link":"https:\/\/lahora.mx\/index.php\/2025\/05\/07\/inicia-el-conclave-para-elegir-al-sucesor-de-francisco-en-el-vaticano\/","title":{"rendered":"Inicia el c\u00f3nclave para elegir al sucesor de Francisco en el Vaticano"},"content":{"rendered":"\n<p>El c\u00f3nclave de 2025 se perfila como un evento singular en la historia reciente del Vaticano, marcado por una fuerte presencia de redes sociales y un fen\u00f3meno denominado \u201cmarketing teol\u00f3gico\u201d. Esta estrategia, impulsada por influencers y no por misioneros digitales, promueve interpretaciones simplificadas de temas eclesiales y fomenta la especulaci\u00f3n sobre el perfil del pr\u00f3ximo Papa.<\/p>\n\n\n\n<p>Dichas especulaciones sugieren que el nuevo pont\u00edfice ser\u00e1 cercano a las reformas de Francisco, debido a que muchos de los electores fueron nombrados por \u00e9l. Sin embargo, esta visi\u00f3n no toma en cuenta las tensiones internas dentro de la Iglesia. Las reformas impulsadas por Francisco \u2014una estructura horizontal, inclusi\u00f3n cultural y participaci\u00f3n de laicos y mujeres\u2014 han encontrado resistencia, especialmente entre sectores m\u00e1s conservadores.<\/p>\n\n\n\n<p>Temas como la bendici\u00f3n de parejas homosexuales o la comuni\u00f3n a divorciados, abordados con prudencia pastoral en documentos como Fiducia Supplicans y Amoris Laetitia, han generado confusi\u00f3n y debates sobre su aplicaci\u00f3n. Esto muestra que el apoyo al pontificado de Francisco no implica necesariamente coincidencia con todas sus posturas teol\u00f3gicas.<\/p>\n\n\n\n<p>El te\u00f3logo Rafael Luciani advierte que no hay garant\u00eda de continuidad en el pr\u00f3ximo pontificado. El proceso de votaci\u00f3n en el c\u00f3nclave comenzar\u00e1 con una lista amplia de candidatos y podr\u00eda definirse en pocos d\u00edas, influido por factores internos y medi\u00e1ticos presentes en el Vaticano. No obstante, m\u00e1s all\u00e1 de especulaciones humanas, el verdadero discernimiento estar\u00e1 guiado \u2014como siempre\u2014 por el Esp\u00edritu Santo.<\/p>\n","protected":false},"excerpt":{"rendered":"<p>El c\u00f3nclave de 2025 se perfila como un evento singular en la historia reciente del Vaticano, marcado por una fuerte presencia de redes sociales y un fen\u00f3meno denominado \u201cmarketing teol\u00f3gico\u201d. Esta estrategia, impulsada por influencers y no por misioneros digitales, promueve interpretaciones simplificadas de temas eclesiales y fomenta la especulaci\u00f3n sobre el perfil del pr\u00f3ximo [&hellip;]<\/p>\n","protected":false},"author":4,"featured_media":62022,"comment_status":"open","ping_status":"open","sticky":false,"template":"","format":"standard","meta":{"om_disable_all_campaigns":false,"_monsterinsights_skip_tracking":false,"_monsterinsights_sitenote_active":false,"_monsterinsights_sitenote_note":"","_monsterinsights_sitenote_category":0,"footnotes":""},"categories":[183],"tags":[195],"class_list":["post-62021","post","type-post","status-publish","format-standard","has-post-thumbnail","hentry","category-internacional","tag-principal"],"amp_enabled":true,"_links":{"self":[{"href":"https:\/\/lahora.mx\/index.php\/wp-json\/wp\/v2\/posts\/62021","targetHints":{"allow":["GET"]}}],"collection":[{"href":"https:\/\/lahora.mx\/index.php\/wp-json\/wp\/v2\/posts"}],"about":[{"href":"https:\/\/lahora.mx\/index.php\/wp-json\/wp\/v2\/types\/post"}],"author":[{"embeddable":true,"href":"https:\/\/lahora.mx\/index.php\/wp-json\/wp\/v2\/users\/4"}],"replies":[{"embeddable":true,"href":"https:\/\/lahora.mx\/index.php\/wp-json\/wp\/v2\/comments?post=62021"}],"version-history":[{"count":1,"href":"https:\/\/lahora.mx\/index.php\/wp-json\/wp\/v2\/posts\/62021\/revisions"}],"predecessor-version":[{"id":62023,"href":"https:\/\/lahora.mx\/index.php\/wp-json\/wp\/v2\/posts\/62021\/revisions\/62023"}],"wp:featuredmedia":[{"embeddable":true,"href":"https:\/\/lahora.mx\/index.php\/wp-json\/wp\/v2\/media\/62022"}],"wp:attachment":[{"href":"https:\/\/lahora.mx\/index.php\/wp-json\/wp\/v2\/media?parent=62021"}],"wp:term":[{"taxonomy":"category","embeddable":true,"href":"https:\/\/lahora.mx\/index.php\/wp-json\/wp\/v2\/categories?post=62021"},{"taxonomy":"post_tag","embeddable":true,"href":"https:\/\/lahora.mx\/index.php\/wp-json\/wp\/v2\/tags?post=62021"}],"curies":[{"name":"wp","href":"https:\/\/api.w.org\/{rel}","templated":true}]}}