{"id":62018,"date":"2025-05-07T15:45:57","date_gmt":"2025-05-07T15:45:57","guid":{"rendered":"https:\/\/lahora.mx\/?p=62018"},"modified":"2025-05-07T15:45:58","modified_gmt":"2025-05-07T15:45:58","slug":"india-ataca-pakistan-dejando-a-26-civiles-muertos-entre-ellos-mujeres-y-ninos","status":"publish","type":"post","link":"https:\/\/lahora.mx\/index.php\/2025\/05\/07\/india-ataca-pakistan-dejando-a-26-civiles-muertos-entre-ellos-mujeres-y-ninos\/","title":{"rendered":"India ataca Pakist\u00e1n dejando a 26 civiles muertos entre ellos mujeres y ni\u00f1os"},"content":{"rendered":"\n<p>Un total de 26 civiles, incluidos mujeres y ni\u00f1os, fueron asesinados y otras 46 personas resultaron heridas por un ataque de la India contra asentamientos civiles en seis zonas de Pakist\u00e1n.<\/p>\n\n\n\n<p>Los ataques sucedieron entre la noche del ayer y la madrugada de este mi\u00e9rcoles, inform\u00f3 un portavoz del ala de comunicaci\u00f3n del Ej\u00e9rcito pakistan\u00ed.<\/p>\n\n\n\n<p>La India atac\u00f3 viviendas y mezquitas, dirigi\u00e9ndose contra civiles en la parte de Cachemira, administrada por Pakist\u00e1n, y en la provincia oriental de Punjab, se\u00f1al\u00f3 el director general de Relaciones P\u00fablicas Interservicios (ISPR, por sus siglas en ingl\u00e9s), teniente general Ahmed Sharif Chaudhry, en rueda de prensa.<\/p>\n\n\n\n<p>Chaudhry confirm\u00f3 que la Fuerza A\u00e9rea de Pakist\u00e1n derrib\u00f3 cinco aviones de combate indios, incluidos tres Rafale, un MiG-29, un Sukhoi y un dron de combate cuyos restos cayeron en territorio indio: \u201cNinguna aeronave pakistan\u00ed ingres\u00f3 al espacio a\u00e9reo indio\u201d, a\u00f1adi\u00f3.<\/p>\n\n\n\n<p>El jefe de ISPR indic\u00f3 que varios puestos y un cuartel general de brigada del Ej\u00e9rcito indio fueron blanco de la acci\u00f3n de respuesta de Pakist\u00e1n.<\/p>\n\n\n\n<p>La Fuerza A\u00e9rea pakistan\u00ed lanz\u00f3 el ataque solo despu\u00e9s de que la India llevara a cabo \u201cuna agresi\u00f3n no provocada e injustificada contra la integridad territorial y la poblaci\u00f3n inocente de Pakist\u00e1n mediante el uso de armas de precisi\u00f3n a distancia\u201d.<\/p>\n\n\n\n<p>Por este ataque contra civiles la India apunt\u00f3 y da\u00f1\u00f3 la estructura de la represa Nausari del Proyecto Hidroel\u00e9ctrico Neelum-Jhelum, en el distrito de Muzaffarabad, afirm\u00f3 Chaudhry.<\/p>\n\n\n\n<p>Al respecto asegur\u00f3 que \u201catacar infraestructura hidroel\u00e9ctrica representa una escalada inaceptable y peligrosa\u201d.<\/p>\n\n\n\n<p>El jefe de ISPR subray\u00f3 que en el momento del ataque hab\u00eda decenas de vuelos nacionales e internacionales en el espacio a\u00e9reo de Pakist\u00e1n, poniendo en grave peligro la vida de miles de pasajeros civiles.<\/p>\n\n\n\n<p>Chaudhry afirm\u00f3 que Pakist\u00e1n tomar\u00e1 medidas para responder al ataque ocurrido en la oscuridad de la noche, a\u00f1adiendo que las acciones pakistan\u00edes de anoche fueron \u00fanicamente en leg\u00edtima defensa.<\/p>\n\n\n\n<p>\u201cPakist\u00e1n se reserva el derecho de responder a esta agresi\u00f3n en el momento, lugar y con los medios que considere apropiados\u201d, concluy\u00f3.<\/p>\n","protected":false},"excerpt":{"rendered":"<p>Un total de 26 civiles, incluidos mujeres y ni\u00f1os, fueron asesinados y otras 46 personas resultaron heridas por un ataque de la India contra asentamientos civiles en seis zonas de Pakist\u00e1n. Los ataques sucedieron entre la noche del ayer y la madrugada de este mi\u00e9rcoles, inform\u00f3 un portavoz del ala de comunicaci\u00f3n del Ej\u00e9rcito pakistan\u00ed. [&hellip;]<\/p>\n","protected":false},"author":4,"featured_media":62019,"comment_status":"open","ping_status":"open","sticky":false,"template":"","format":"standard","meta":{"om_disable_all_campaigns":false,"_monsterinsights_skip_tracking":false,"_monsterinsights_sitenote_active":false,"_monsterinsights_sitenote_note":"","_monsterinsights_sitenote_category":0,"footnotes":""},"categories":[183],"tags":[195,223],"class_list":["post-62018","post","type-post","status-publish","format-standard","has-post-thumbnail","hentry","category-internacional","tag-principal","tag-puebla"],"amp_enabled":true,"_links":{"self":[{"href":"https:\/\/lahora.mx\/index.php\/wp-json\/wp\/v2\/posts\/62018","targetHints":{"allow":["GET"]}}],"collection":[{"href":"https:\/\/lahora.mx\/index.php\/wp-json\/wp\/v2\/posts"}],"about":[{"href":"https:\/\/lahora.mx\/index.php\/wp-json\/wp\/v2\/types\/post"}],"author":[{"embeddable":true,"href":"https:\/\/lahora.mx\/index.php\/wp-json\/wp\/v2\/users\/4"}],"replies":[{"embeddable":true,"href":"https:\/\/lahora.mx\/index.php\/wp-json\/wp\/v2\/comments?post=62018"}],"version-history":[{"count":1,"href":"https:\/\/lahora.mx\/index.php\/wp-json\/wp\/v2\/posts\/62018\/revisions"}],"predecessor-version":[{"id":62020,"href":"https:\/\/lahora.mx\/index.php\/wp-json\/wp\/v2\/posts\/62018\/revisions\/62020"}],"wp:featuredmedia":[{"embeddable":true,"href":"https:\/\/lahora.mx\/index.php\/wp-json\/wp\/v2\/media\/62019"}],"wp:attachment":[{"href":"https:\/\/lahora.mx\/index.php\/wp-json\/wp\/v2\/media?parent=62018"}],"wp:term":[{"taxonomy":"category","embeddable":true,"href":"https:\/\/lahora.mx\/index.php\/wp-json\/wp\/v2\/categories?post=62018"},{"taxonomy":"post_tag","embeddable":true,"href":"https:\/\/lahora.mx\/index.php\/wp-json\/wp\/v2\/tags?post=62018"}],"curies":[{"name":"wp","href":"https:\/\/api.w.org\/{rel}","templated":true}]}}