{"id":62011,"date":"2025-05-06T23:15:51","date_gmt":"2025-05-06T23:15:51","guid":{"rendered":"https:\/\/lahora.mx\/?p=62011"},"modified":"2025-05-06T23:15:52","modified_gmt":"2025-05-06T23:15:52","slug":"respalda-tonantzin-fernandez-medidas-tomadas-en-el-vi-consejo-nacional-de-morena","status":"publish","type":"post","link":"https:\/\/lahora.mx\/index.php\/2025\/05\/06\/respalda-tonantzin-fernandez-medidas-tomadas-en-el-vi-consejo-nacional-de-morena\/","title":{"rendered":"Respalda Tonantzin Fern\u00e1ndez medidas tomadas en el VI Consejo Nacional de Morena"},"content":{"rendered":"\n<p>La consejera nacional del Movimiento de Regeneraci\u00f3n Nacional (MORENA) por el estado de Puebla, Tonantzin Fern\u00e1ndez D\u00edaz, tuvo una destacada participaci\u00f3n en el VI Consejo Nacional del partido, consolidando su compromiso con los principios y objetivos del movimiento.<\/p>\n\n\n\n<p>En este sentido, en este importante encuentro, acompa\u00f1\u00f3 a Alejandro Armenta, figura representativa de MORENA en la entidad, as\u00ed como al resto de los consejeros poblanos, reafirmando la unidad y la fortaleza del partido en el estado.<\/p>\n\n\n\n<p><br>Cabe destacar que, durante esta sesi\u00f3n, se aprob\u00f3 la prohibici\u00f3n del nepotismo como uno de los principios fundamentales del movimiento.<\/p>\n\n\n\n<p>Con lo que buscan reafirmar el compromiso de no buscar el poder por el poder, sino como instrumento para garantizar el bienestar del pueblo y avanzar en la transformaci\u00f3n profunda del pa\u00eds.<\/p>\n\n\n\n<p>Asimismo, con esta medida se estableci\u00f3 que ning\u00fan familiar directo de presidentes municipales, diputadas o diputados, senadoras o senadores, ni de gobernadoras o gobernadores podr\u00e1 postularse al mismo cargo que su pariente en funciones.<\/p>\n\n\n\n<p>Por lo que esta decisi\u00f3n tambi\u00e9n fortalece el principio de austeridad republicana que distingue al movimiento.<\/p>\n\n\n\n<p>Finalmente, tras la sesi\u00f3n del Consejo de Morena, Tonantzin Fern\u00e1ndez expres\u00f3 su entusiasmo y compromiso por haber formado parte de este espacio de di\u00e1logo y toma de decisiones, que consolida los valores y el rumbo de la Cuarta Transformaci\u00f3n.<\/p>\n\n\n\n<p>\u201cSeguiremos construyendo la transformaci\u00f3n que el pueblo de M\u00e9xico merece; con el pueblo todo, sin el pueblo nada\u201c, concluy\u00f3 la consejera.<\/p>\n","protected":false},"excerpt":{"rendered":"<p>La consejera nacional del Movimiento de Regeneraci\u00f3n Nacional (MORENA) por el estado de Puebla, Tonantzin Fern\u00e1ndez D\u00edaz, tuvo una destacada participaci\u00f3n en el VI Consejo Nacional del partido, consolidando su compromiso con los principios y objetivos del movimiento. En este sentido, en este importante encuentro, acompa\u00f1\u00f3 a Alejandro Armenta, figura representativa de MORENA en la [&hellip;]<\/p>\n","protected":false},"author":4,"featured_media":62012,"comment_status":"open","ping_status":"open","sticky":false,"template":"","format":"standard","meta":{"om_disable_all_campaigns":false,"_monsterinsights_skip_tracking":false,"_monsterinsights_sitenote_active":false,"_monsterinsights_sitenote_note":"","_monsterinsights_sitenote_category":0,"footnotes":""},"categories":[175],"tags":[234,223],"class_list":["post-62011","post","type-post","status-publish","format-standard","has-post-thumbnail","hentry","category-local","tag-cholula","tag-puebla"],"amp_enabled":true,"_links":{"self":[{"href":"https:\/\/lahora.mx\/index.php\/wp-json\/wp\/v2\/posts\/62011","targetHints":{"allow":["GET"]}}],"collection":[{"href":"https:\/\/lahora.mx\/index.php\/wp-json\/wp\/v2\/posts"}],"about":[{"href":"https:\/\/lahora.mx\/index.php\/wp-json\/wp\/v2\/types\/post"}],"author":[{"embeddable":true,"href":"https:\/\/lahora.mx\/index.php\/wp-json\/wp\/v2\/users\/4"}],"replies":[{"embeddable":true,"href":"https:\/\/lahora.mx\/index.php\/wp-json\/wp\/v2\/comments?post=62011"}],"version-history":[{"count":1,"href":"https:\/\/lahora.mx\/index.php\/wp-json\/wp\/v2\/posts\/62011\/revisions"}],"predecessor-version":[{"id":62013,"href":"https:\/\/lahora.mx\/index.php\/wp-json\/wp\/v2\/posts\/62011\/revisions\/62013"}],"wp:featuredmedia":[{"embeddable":true,"href":"https:\/\/lahora.mx\/index.php\/wp-json\/wp\/v2\/media\/62012"}],"wp:attachment":[{"href":"https:\/\/lahora.mx\/index.php\/wp-json\/wp\/v2\/media?parent=62011"}],"wp:term":[{"taxonomy":"category","embeddable":true,"href":"https:\/\/lahora.mx\/index.php\/wp-json\/wp\/v2\/categories?post=62011"},{"taxonomy":"post_tag","embeddable":true,"href":"https:\/\/lahora.mx\/index.php\/wp-json\/wp\/v2\/tags?post=62011"}],"curies":[{"name":"wp","href":"https:\/\/api.w.org\/{rel}","templated":true}]}}