{"id":62008,"date":"2025-05-06T22:59:16","date_gmt":"2025-05-06T22:59:16","guid":{"rendered":"https:\/\/lahora.mx\/?p=62008"},"modified":"2025-05-06T22:59:17","modified_gmt":"2025-05-06T22:59:17","slug":"tonantzin-fernandez-anuncia-rehabilitacion-de-parques-en-san-pedro-cholula","status":"publish","type":"post","link":"https:\/\/lahora.mx\/index.php\/2025\/05\/06\/tonantzin-fernandez-anuncia-rehabilitacion-de-parques-en-san-pedro-cholula\/","title":{"rendered":"Tonantzin Fern\u00e1ndez anuncia rehabilitaci\u00f3n de parques en San Pedro Cholula"},"content":{"rendered":"\n<p>La presidenta municipal de San Pedro Cholula, Puebla, Tonantzin Fern\u00e1ndez D\u00edaz, anunci\u00f3 que dio inicio el programa de rehabilitaci\u00f3n de parques p\u00fablicos y se comenzar\u00e1 con la reparaci\u00f3n del Parque del Barrio de Jes\u00fas.<\/p>\n\n\n\n<p>Lo anterior con la finalidad de crear entornos \u00f3ptimos y espacios recreativos para la ciudadan\u00eda que habita en la comunidad.<\/p>\n\n\n\n<p>La alcaldesa detall\u00f3 que el primer parque intervenido con apoyo de una empresa privada fue el de la Ni\u00f1ez Cholulteca, el cual ya fue entregado a la poblaci\u00f3n.<\/p>\n\n\n\n<p>Dicho espacio presentaba da\u00f1os como grafitis y juegos inservibles.<\/p>\n\n\n\n<p>En ese mismo parque, se construir\u00e1 una cancha de b\u00e1squetbol y se tiene previsto instalar iluminaci\u00f3n adicional en pr\u00f3ximas etapas del proyecto.<\/p>\n\n\n\n<p>El siguiente parque en ser renovado ser\u00e1 el del Barrio de Jes\u00fas Tlatempa, el cual, seg\u00fan informaci\u00f3n oficial, se encuentra en condiciones deterioradas.<\/p>\n\n\n\n<p>Asimismo, Tonantzin Fern\u00e1ndez indic\u00f3 que la modernizaci\u00f3n de los espacios p\u00fablicos se llevar\u00e1 a cabo de forma paulatina.<\/p>\n\n\n\n<p>Adem\u00e1s, en los pr\u00f3ximos d\u00edas ser\u00e1 la inauguraci\u00f3n de 12 obras realizadas en conjunto con el gobierno del estado.<\/p>\n\n\n\n<p>Entre ellas se incluyen la reparaci\u00f3n de la calle 12 Oriente-Poniente, as\u00ed como la pavimentaci\u00f3n de vialidades en Santa B\u00e1rbara Almoloya, San Gregorio Zacapechpan y San Francisco Cuapan.<\/p>\n\n\n\n<p>La presidenta municipal asegur\u00f3 que en las pr\u00f3ximas semanas se comenzar\u00e1 con el segundo paquete de obras municipales, en el cual se contempla a juntas auxiliares que no fueron incluidas en la primera etapa, como San Juan Tlautla.<\/p>\n","protected":false},"excerpt":{"rendered":"<p>La presidenta municipal de San Pedro Cholula, Puebla, Tonantzin Fern\u00e1ndez D\u00edaz, anunci\u00f3 que dio inicio el programa de rehabilitaci\u00f3n de parques p\u00fablicos y se comenzar\u00e1 con la reparaci\u00f3n del Parque del Barrio de Jes\u00fas. Lo anterior con la finalidad de crear entornos \u00f3ptimos y espacios recreativos para la ciudadan\u00eda que habita en la comunidad. La [&hellip;]<\/p>\n","protected":false},"author":4,"featured_media":62009,"comment_status":"open","ping_status":"open","sticky":false,"template":"","format":"standard","meta":{"om_disable_all_campaigns":false,"_monsterinsights_skip_tracking":false,"_monsterinsights_sitenote_active":false,"_monsterinsights_sitenote_note":"","_monsterinsights_sitenote_category":0,"footnotes":""},"categories":[175],"tags":[234,223],"class_list":["post-62008","post","type-post","status-publish","format-standard","has-post-thumbnail","hentry","category-local","tag-cholula","tag-puebla"],"amp_enabled":true,"_links":{"self":[{"href":"https:\/\/lahora.mx\/index.php\/wp-json\/wp\/v2\/posts\/62008","targetHints":{"allow":["GET"]}}],"collection":[{"href":"https:\/\/lahora.mx\/index.php\/wp-json\/wp\/v2\/posts"}],"about":[{"href":"https:\/\/lahora.mx\/index.php\/wp-json\/wp\/v2\/types\/post"}],"author":[{"embeddable":true,"href":"https:\/\/lahora.mx\/index.php\/wp-json\/wp\/v2\/users\/4"}],"replies":[{"embeddable":true,"href":"https:\/\/lahora.mx\/index.php\/wp-json\/wp\/v2\/comments?post=62008"}],"version-history":[{"count":1,"href":"https:\/\/lahora.mx\/index.php\/wp-json\/wp\/v2\/posts\/62008\/revisions"}],"predecessor-version":[{"id":62010,"href":"https:\/\/lahora.mx\/index.php\/wp-json\/wp\/v2\/posts\/62008\/revisions\/62010"}],"wp:featuredmedia":[{"embeddable":true,"href":"https:\/\/lahora.mx\/index.php\/wp-json\/wp\/v2\/media\/62009"}],"wp:attachment":[{"href":"https:\/\/lahora.mx\/index.php\/wp-json\/wp\/v2\/media?parent=62008"}],"wp:term":[{"taxonomy":"category","embeddable":true,"href":"https:\/\/lahora.mx\/index.php\/wp-json\/wp\/v2\/categories?post=62008"},{"taxonomy":"post_tag","embeddable":true,"href":"https:\/\/lahora.mx\/index.php\/wp-json\/wp\/v2\/tags?post=62008"}],"curies":[{"name":"wp","href":"https:\/\/api.w.org\/{rel}","templated":true}]}}