{"id":62002,"date":"2025-05-06T22:41:04","date_gmt":"2025-05-06T22:41:04","guid":{"rendered":"https:\/\/lahora.mx\/?p=62002"},"modified":"2025-05-06T22:41:04","modified_gmt":"2025-05-06T22:41:04","slug":"con-escenificacion-monumental-puebla-honra-legado-heroico-de-la-batalla-del-5-mayo","status":"publish","type":"post","link":"https:\/\/lahora.mx\/index.php\/2025\/05\/06\/con-escenificacion-monumental-puebla-honra-legado-heroico-de-la-batalla-del-5-mayo\/","title":{"rendered":"Con escenificaci\u00f3n monumental, Puebla honra legado heroico de la Batalla del 5 Mayo"},"content":{"rendered":"\n<p>Con estruendo de fusiles, galopes firmes y el eco del grito \u201c\u00a1Viva M\u00e9xico!\u201d, la 25 Zona Militar fue el escenario donde se revivi\u00f3, con solemne pasi\u00f3n y precisi\u00f3n hist\u00f3rica, la gloriosa Batalla del 5 de Mayo de 1862. A 163 a\u00f1os de aquella gesta heroica, m\u00e1s de dos mil soldados participaron en una gran representaci\u00f3n que llen\u00f3 de orgullo a los poblanos y a toda la naci\u00f3n mexicana.<\/p>\n\n\n\n<p>El evento fue encabezado por el gobernador Alejandro Armenta; por el Comandante Interino de la VI Regi\u00f3n Militar, H\u00e9ctor \u00c1vila Alcocer; por el comandante de la 25 Zona Militar, General Santos Gerardo Soto; por la presidenta del Congreso del Estado, Laura Artemisa Garc\u00eda, as\u00ed como por secretarios del Gobierno Estatal, quienes, con respeto y emoci\u00f3n, presenciaron la recreaci\u00f3n del hist\u00f3rico enfrentamiento entre el ej\u00e9rcito mexicano, liderado por el general Ignacio Zaragoza, y las fuerzas francesas de Napole\u00f3n III.<\/p>\n\n\n\n<p>La ceremonia no fue solo una escenificaci\u00f3n militar, fue un acto de profundo simbolismo nacional. Desde los tambores de guerra hasta los v\u00edtores de los soldados, cada momento celebr\u00f3 el valor de aquellos hombres que, bajo el mando de Zaragoza, Negrete y Berrioz\u00e1bal, enfrentaron con firmeza a uno de los ej\u00e9rcitos m\u00e1s poderosos del mundo. \u201cNuestros enemigos son los primeros del mundo, pero nosotros somos los primeros hijos de M\u00e9xico\u201d, reson\u00f3 en la voz de los actores-soldados, evocando la c\u00e9lebre frase que sigue encendiendo el coraz\u00f3n patri\u00f3tico de generaciones enteras.<\/p>\n\n\n\n<p>En medio de uniformes impecables, banderas y fusiles al hombro, la representaci\u00f3n tambi\u00e9n record\u00f3 el contexto de aquella lucha: la resistencia de Benito Ju\u00e1rez frente a una intervenci\u00f3n pol\u00edtico-militar motivada por la deuda externa y el inter\u00e9s imperialista europeo. Fue tambi\u00e9n una lecci\u00f3n viva sobre c\u00f3mo el nacionalismo, la dignidad y la unidad lograron sostener la soberan\u00eda de un pa\u00eds en construcci\u00f3n.<\/p>\n\n\n\n<p>Esta escenificaci\u00f3n demuestra la lealtad y compromiso de las Fuerzas Armadas Mexicanas con la historia, la patria y su pueblo, mientras el p\u00fablico romp\u00eda en aplausos al ver ondear la bandera tricolor sobre los cerros simb\u00f3licos de Loreto y Guadalupe.<\/p>\n\n\n\n<p>Con este tipo de eventos se fomenta el sentido de pertenencia nacional, especialmente entre las nuevas generaciones. La participaci\u00f3n activa de estudiantes, familias y militares en esta ceremonia c\u00edvica fue reflejo de una Puebla que no olvida su historia y que honra su papel central en la defensa de la naci\u00f3n.<\/p>\n\n\n\n<p>Al grito final de \u201c\u00a1Viva la independencia nacional! \u00a1Viva la patria!\u201d, se sell\u00f3 una jornada emotiva donde la memoria, el honor y el orgullo mexicano brillaron con fuerza. El 5 de Mayo no es solo una fecha; es un s\u00edmbolo eterno de que la dignidad de un pueblo unido puede triunfar ante cualquier adversidad.<\/p>\n","protected":false},"excerpt":{"rendered":"<p>Con estruendo de fusiles, galopes firmes y el eco del grito \u201c\u00a1Viva M\u00e9xico!\u201d, la 25 Zona Militar fue el escenario donde se revivi\u00f3, con solemne pasi\u00f3n y precisi\u00f3n hist\u00f3rica, la gloriosa Batalla del 5 de Mayo de 1862. A 163 a\u00f1os de aquella gesta heroica, m\u00e1s de dos mil soldados participaron en una gran representaci\u00f3n [&hellip;]<\/p>\n","protected":false},"author":4,"featured_media":62003,"comment_status":"open","ping_status":"open","sticky":false,"template":"","format":"standard","meta":{"om_disable_all_campaigns":false,"_monsterinsights_skip_tracking":false,"_monsterinsights_sitenote_active":false,"_monsterinsights_sitenote_note":"","_monsterinsights_sitenote_category":0,"footnotes":""},"categories":[175],"tags":[239,223],"class_list":["post-62002","post","type-post","status-publish","format-standard","has-post-thumbnail","hentry","category-local","tag-gobierno","tag-puebla"],"amp_enabled":true,"_links":{"self":[{"href":"https:\/\/lahora.mx\/index.php\/wp-json\/wp\/v2\/posts\/62002","targetHints":{"allow":["GET"]}}],"collection":[{"href":"https:\/\/lahora.mx\/index.php\/wp-json\/wp\/v2\/posts"}],"about":[{"href":"https:\/\/lahora.mx\/index.php\/wp-json\/wp\/v2\/types\/post"}],"author":[{"embeddable":true,"href":"https:\/\/lahora.mx\/index.php\/wp-json\/wp\/v2\/users\/4"}],"replies":[{"embeddable":true,"href":"https:\/\/lahora.mx\/index.php\/wp-json\/wp\/v2\/comments?post=62002"}],"version-history":[{"count":1,"href":"https:\/\/lahora.mx\/index.php\/wp-json\/wp\/v2\/posts\/62002\/revisions"}],"predecessor-version":[{"id":62004,"href":"https:\/\/lahora.mx\/index.php\/wp-json\/wp\/v2\/posts\/62002\/revisions\/62004"}],"wp:featuredmedia":[{"embeddable":true,"href":"https:\/\/lahora.mx\/index.php\/wp-json\/wp\/v2\/media\/62003"}],"wp:attachment":[{"href":"https:\/\/lahora.mx\/index.php\/wp-json\/wp\/v2\/media?parent=62002"}],"wp:term":[{"taxonomy":"category","embeddable":true,"href":"https:\/\/lahora.mx\/index.php\/wp-json\/wp\/v2\/categories?post=62002"},{"taxonomy":"post_tag","embeddable":true,"href":"https:\/\/lahora.mx\/index.php\/wp-json\/wp\/v2\/tags?post=62002"}],"curies":[{"name":"wp","href":"https:\/\/api.w.org\/{rel}","templated":true}]}}