{"id":61996,"date":"2025-05-06T22:14:51","date_gmt":"2025-05-06T22:14:51","guid":{"rendered":"https:\/\/lahora.mx\/?p=61996"},"modified":"2025-05-06T22:14:52","modified_gmt":"2025-05-06T22:14:52","slug":"llega-la-ola-de-calor-a-puebla-con-temperaturas-de-hasta-40-grados","status":"publish","type":"post","link":"https:\/\/lahora.mx\/index.php\/2025\/05\/06\/llega-la-ola-de-calor-a-puebla-con-temperaturas-de-hasta-40-grados\/","title":{"rendered":"Llega la ola de calor a Puebla con temperaturas de hasta 40 grados"},"content":{"rendered":"\n<p>Los niveles medios de la atm\u00f3sfera mantendr\u00e1 el ambiente caluroso a muy calurosa en el territorio mexicano, prevaleciendo la onda de calor que afectar\u00e1 a Puebla y otros estados, esto seg\u00fan el Servicio Meteorol\u00f3gico Nacional.<\/p>\n\n\n\n<p>De acuerdo con lo detallado por la Conagua, para este 6 de mayo se prev\u00e9n cambios de temperatura; sin embargo, prevalecer\u00e1 el ambiente caluroso.<\/p>\n\n\n\n<p>Durante la ma\u00f1ana se report\u00f3 un cielo medio nublado con chubascos en algunas zonas de Puebla.<\/p>\n\n\n\n<p>Por la tarde, el ambiente caluroso con onda de calor en el norte y suroeste de Puebla, con viento del suroeste de 10 a 20 Km\/h con rachas de 30 a 50 km\/h.<\/p>\n\n\n\n<p>Adem\u00e1s, temperaturas por la ola de calor se pronostican de entre 35 y 40 grados en Puebla<\/p>\n\n\n\n<p>De las 11 de la ma\u00f1ana hasta las 4 de la tarde, habr\u00e1 mayor concentraci\u00f3n de calor; por lo que, es importante que al salir a la calle, uses ropa ligera, sombrero o gorra, gafas de sol, protector solar y estar hidratado.<\/p>\n\n\n\n<p>Recomendaciones para evitar un golpe de calor:<\/p>\n\n\n\n<p>No realices actividades f\u00edsicas intensas bajo el sol.<br>Toma agua simple aunque no tengas sed.<br>Come alimentos frescos, frutas y verduras.<br>Permanece en la sombra y en lugares frescos.<br>Usa protector solar<br>Mant\u00e9n a animales de compa\u00f1\u00eda en lugares cerrados y frescos.<\/p>\n","protected":false},"excerpt":{"rendered":"<p>Los niveles medios de la atm\u00f3sfera mantendr\u00e1 el ambiente caluroso a muy calurosa en el territorio mexicano, prevaleciendo la onda de calor que afectar\u00e1 a Puebla y otros estados, esto seg\u00fan el Servicio Meteorol\u00f3gico Nacional. De acuerdo con lo detallado por la Conagua, para este 6 de mayo se prev\u00e9n cambios de temperatura; sin embargo, [&hellip;]<\/p>\n","protected":false},"author":4,"featured_media":61997,"comment_status":"open","ping_status":"open","sticky":false,"template":"","format":"standard","meta":{"om_disable_all_campaigns":false,"_monsterinsights_skip_tracking":false,"_monsterinsights_sitenote_active":false,"_monsterinsights_sitenote_note":"","_monsterinsights_sitenote_category":0,"footnotes":""},"categories":[175],"tags":[195,223],"class_list":["post-61996","post","type-post","status-publish","format-standard","has-post-thumbnail","hentry","category-local","tag-principal","tag-puebla"],"amp_enabled":true,"_links":{"self":[{"href":"https:\/\/lahora.mx\/index.php\/wp-json\/wp\/v2\/posts\/61996","targetHints":{"allow":["GET"]}}],"collection":[{"href":"https:\/\/lahora.mx\/index.php\/wp-json\/wp\/v2\/posts"}],"about":[{"href":"https:\/\/lahora.mx\/index.php\/wp-json\/wp\/v2\/types\/post"}],"author":[{"embeddable":true,"href":"https:\/\/lahora.mx\/index.php\/wp-json\/wp\/v2\/users\/4"}],"replies":[{"embeddable":true,"href":"https:\/\/lahora.mx\/index.php\/wp-json\/wp\/v2\/comments?post=61996"}],"version-history":[{"count":1,"href":"https:\/\/lahora.mx\/index.php\/wp-json\/wp\/v2\/posts\/61996\/revisions"}],"predecessor-version":[{"id":61998,"href":"https:\/\/lahora.mx\/index.php\/wp-json\/wp\/v2\/posts\/61996\/revisions\/61998"}],"wp:featuredmedia":[{"embeddable":true,"href":"https:\/\/lahora.mx\/index.php\/wp-json\/wp\/v2\/media\/61997"}],"wp:attachment":[{"href":"https:\/\/lahora.mx\/index.php\/wp-json\/wp\/v2\/media?parent=61996"}],"wp:term":[{"taxonomy":"category","embeddable":true,"href":"https:\/\/lahora.mx\/index.php\/wp-json\/wp\/v2\/categories?post=61996"},{"taxonomy":"post_tag","embeddable":true,"href":"https:\/\/lahora.mx\/index.php\/wp-json\/wp\/v2\/tags?post=61996"}],"curies":[{"name":"wp","href":"https:\/\/api.w.org\/{rel}","templated":true}]}}