{"id":61948,"date":"2025-05-05T17:29:44","date_gmt":"2025-05-05T17:29:44","guid":{"rendered":"https:\/\/lahora.mx\/?p=61948"},"modified":"2025-05-05T17:29:44","modified_gmt":"2025-05-05T17:29:44","slug":"conclave-2025-ya-estan-en-roma-los-133-cardenales-que-elegiran-al-proximo-papa","status":"publish","type":"post","link":"https:\/\/lahora.mx\/index.php\/2025\/05\/05\/conclave-2025-ya-estan-en-roma-los-133-cardenales-que-elegiran-al-proximo-papa\/","title":{"rendered":"C\u00f3nclave 2025: Ya est\u00e1n en Roma los 133 cardenales que elegir\u00e1n al pr\u00f3ximo Papa"},"content":{"rendered":"\n<p class=\"wp-block-paragraph\">La\u00a0<strong>Santa Sede\u00a0<\/strong>inform\u00f3 la tarde de este lunes que<strong>\u00a0179 cardenales<\/strong>, incluidos<strong>\u00a0133 cardenales electores<\/strong>, participaron en la\u00a0<strong>d\u00e9cima Congregaci\u00f3n General\u00a0<\/strong>de preparaci\u00f3n al\u00a0c\u00f3nclave\u00a0qu\u00e9 iniciar\u00e1 el mi\u00e9rcoles.<\/p>\n\n\n\n<p class=\"wp-block-paragraph\">El cardenal&nbsp;<strong>Giovanni Battista Re<\/strong>, Decano del Colegio Cardenalicio, inform\u00f3 a la&nbsp;<strong>Congregaci\u00f3n que el Cardenal Camarlengo<\/strong>&nbsp;Kevin Farrell sorte\u00f3 el s\u00e1bado por la tarde la&nbsp;<strong>asignaci\u00f3n de las habitaciones de los Cardenales<\/strong>. Todos se alojar\u00e1n en la&nbsp;<strong>Casa Santa Marta<\/strong>&nbsp;y en la antigua Santa Marta.<\/p>\n\n\n\n<p class=\"wp-block-paragraph\">Los cardenales electores podr\u00e1n desplazarse de la Casa Santa Marta a la Capilla Sixtina como deseen, incluso a pie, pero por una ruta protegida.<\/p>\n\n\n\n<p class=\"wp-block-paragraph\"><a href=\"https:\/\/oem.com.mx\/elsoldemexico\/mundo\/rumbo-al-conclave-asi-se-ve-la-espera-en-la-plaza-san-pedro-23116440\"><\/a><a href=\"https:\/\/oem.com.mx\/elsoldemexico\/mundo\/rumbo-al-conclave-asi-se-ve-la-espera-en-la-plaza-san-pedro-23116440\"><\/a><\/p>\n\n\n\n<p class=\"wp-block-paragraph\">Las obras en la Capilla Sixtina, as\u00ed como en los alojamientos de las dos casas Santa Marta, han concluido en su mayor parte, y los cardenales podr\u00e1n registrarse a partir del martes por la ma\u00f1ana.<\/p>\n","protected":false},"excerpt":{"rendered":"<p>La\u00a0Santa Sede\u00a0inform\u00f3 la tarde de este lunes que\u00a0179 cardenales, incluidos\u00a0133 cardenales electores, participaron en la\u00a0d\u00e9cima Congregaci\u00f3n General\u00a0de preparaci\u00f3n al\u00a0c\u00f3nclave\u00a0qu\u00e9 iniciar\u00e1 el mi\u00e9rcoles. El cardenal&nbsp;Giovanni Battista Re, Decano del Colegio Cardenalicio, inform\u00f3 a la&nbsp;Congregaci\u00f3n que el Cardenal Camarlengo&nbsp;Kevin Farrell sorte\u00f3 el s\u00e1bado por la tarde la&nbsp;asignaci\u00f3n de las habitaciones de los Cardenales. Todos se alojar\u00e1n en [&hellip;]<\/p>\n","protected":false},"author":4,"featured_media":61949,"comment_status":"open","ping_status":"open","sticky":false,"template":"","format":"standard","meta":{"om_disable_all_campaigns":false,"_monsterinsights_skip_tracking":false,"footnotes":""},"categories":[183],"tags":[],"class_list":["post-61948","post","type-post","status-publish","format-standard","has-post-thumbnail","hentry","category-internacional"],"amp_enabled":true,"_links":{"self":[{"href":"https:\/\/lahora.mx\/index.php\/wp-json\/wp\/v2\/posts\/61948","targetHints":{"allow":["GET"]}}],"collection":[{"href":"https:\/\/lahora.mx\/index.php\/wp-json\/wp\/v2\/posts"}],"about":[{"href":"https:\/\/lahora.mx\/index.php\/wp-json\/wp\/v2\/types\/post"}],"author":[{"embeddable":true,"href":"https:\/\/lahora.mx\/index.php\/wp-json\/wp\/v2\/users\/4"}],"replies":[{"embeddable":true,"href":"https:\/\/lahora.mx\/index.php\/wp-json\/wp\/v2\/comments?post=61948"}],"version-history":[{"count":1,"href":"https:\/\/lahora.mx\/index.php\/wp-json\/wp\/v2\/posts\/61948\/revisions"}],"predecessor-version":[{"id":61950,"href":"https:\/\/lahora.mx\/index.php\/wp-json\/wp\/v2\/posts\/61948\/revisions\/61950"}],"wp:featuredmedia":[{"embeddable":true,"href":"https:\/\/lahora.mx\/index.php\/wp-json\/wp\/v2\/media\/61949"}],"wp:attachment":[{"href":"https:\/\/lahora.mx\/index.php\/wp-json\/wp\/v2\/media?parent=61948"}],"wp:term":[{"taxonomy":"category","embeddable":true,"href":"https:\/\/lahora.mx\/index.php\/wp-json\/wp\/v2\/categories?post=61948"},{"taxonomy":"post_tag","embeddable":true,"href":"https:\/\/lahora.mx\/index.php\/wp-json\/wp\/v2\/tags?post=61948"}],"curies":[{"name":"wp","href":"https:\/\/api.w.org\/{rel}","templated":true}]}}