{"id":61891,"date":"2025-05-04T17:28:40","date_gmt":"2025-05-04T17:28:40","guid":{"rendered":"https:\/\/lahora.mx\/?p=61891"},"modified":"2025-05-04T17:28:41","modified_gmt":"2025-05-04T17:28:41","slug":"reforma-que-permite-a-funcionarios-portar-armas-avanza-a-nivel-nacional","status":"publish","type":"post","link":"https:\/\/lahora.mx\/index.php\/2025\/05\/04\/reforma-que-permite-a-funcionarios-portar-armas-avanza-a-nivel-nacional\/","title":{"rendered":"Reforma que permite a funcionarios portar armas avanza a nivel nacional"},"content":{"rendered":"\n<p>La reforma a la Ley Federal de Armas de Fuego y Explosivos ya fue aprobada por la C\u00e1mara de Diputados y recientemente por la C\u00e1mara de Senadores y busca escalar a nivel federal para permitir que funcionarios de la Comisi\u00f3n Federal de Electricidad (CFE), Petr\u00f3leos Mexicanos (Pemex), el Servicio de Administraci\u00f3n Tributaria (SAT), Casa de Moneda, Centro Nacional de Inteligencia (CNI) y el Banco de M\u00e9xico (Banxico) puedan poseer y portar armas de fuego.<\/p>\n\n\n\n<p>Inicialmente el proyecto se deriv\u00f3 de una minuta remitida por la C\u00e1mara de Diputados, donde fue aprobada por 476 votos a favor m\u00e1s dos abstenciones y, recientemente aceptada el lunes por el Senado de M\u00e9xico de manera un\u00e1nime con 105 votos a favor. Esta iniciativa que permite a funcionarios portar y poseer armas de fuego buscar\u00e1 su aprobaci\u00f3n a nivel nacional.<\/p>\n\n\n\n<p>Las modificaciones a la Ley Federal de Armas de Fuego y Explosivos fueron remitidas al Congreso de la Uni\u00f3n en septiembre de 2024 por el expresidente de la Rep\u00fablica, Andr\u00e9s Manuel L\u00f3pez Obrador, y actualmente comenz\u00f3 a reconsiderarse para hacerla llegar con la presidenta Claudia Sheinbaum Pardo.<\/p>\n\n\n\n<p>En un comunicado oficial el Senado subray\u00f3 que la ley, vigente desde hace m\u00e1s de cinco d\u00e9cadas (1972) y sin modificaciones significativas hasta ahora, ya necesitaba una actualizaci\u00f3n para enfrentar las nuevas realidades de violencia que enfrenta el pa\u00eds.<\/p>\n\n\n\n<p>La reforma gira en torno a seis ejes principales:<\/p>\n\n\n\n<p>Reafirmar el car\u00e1cter de orden p\u00fablico e inter\u00e9s social de la ley y extender su aplicaci\u00f3n a todo el territorio nacional<br>Fortalecer el control estatal sobre armas, explosivos, pirotecnia y sustancias qu\u00edmicas relacionadas<br>Modernizar la clasificaci\u00f3n de armamento y accesorios permitidos o restringidos<br>Definir con precisi\u00f3n las condiciones para la posesi\u00f3n y portaci\u00f3n legal de armas<br>Reorganizar las facultades de las autoridades competentes en materia de armamento<br>Vincular la reforma con el Plan Nacional de Seguridad, pilar de la estrategia de seguridad p\u00fablica de la presidenta Claudia Sheinbaum Pardo<br>De acuerdo con la Comisi\u00f3n de Estudios Legislativos, la reforma a la Ley Federal de Armas de Fuego y explosivos se encuentra estrechamente relacionada con la consolidaci\u00f3n del Plan Nacional de Seguridad, una de las estrategias de la presidenta de M\u00e9xico, Claudia Sheinbaum Pardo, para el debilitamiento de la inseguridad en el pa\u00eds.<\/p>\n\n\n\n<p>\u00bfQui\u00e9nes podr\u00e1n poseer y portar armas legalmente en M\u00e9xico?<br>El nuevo marco legal contempla excepciones espec\u00edficas que permiten la portaci\u00f3n y posesi\u00f3n de armas en los siguientes casos:<br>Cazadores con permisos correspondientes<br>Empresas de seguridad privada: tambi\u00e9n se incluyen paraestatales, \u00f3rganos aut\u00f3nomos (CFE, Pemex, Banxico, Casa de moneda, SAT) y personas f\u00edsicas o morales (empresas de seguridad privada)<br>Sanciones severas por portaci\u00f3n ilegal de armas en M\u00e9xico<\/p>\n\n\n\n<p>Aunque la reforma presenta un panorama alentador en cuestiones de seguridad, las penas por la portaci\u00f3n ilegal de armas a partir de esta reforma, se contemplan de la siguiente manera:<\/p>\n\n\n\n<p>De 4 a 8 a\u00f1os de prisi\u00f3n, adem\u00e1s de multas de 700 a mil 500 veces el valor diario de la UMA (Unidad de Medida y Actualizaci\u00f3n)<br>De 7 a 30 a\u00f1os de prisi\u00f3n para quienes introduzcan armas o aditamentos prohibidos al pa\u00eds, con multas de hasta 2 mil veces el valor diario de la UMA<br>De 7 a 15 a\u00f1os de prisi\u00f3n para quienes hagan uso indebido de armas asignadas a instituciones de seguridad p\u00fablica o procuraci\u00f3n de justicia<br>Esta reforma se encuentra alineada con los esfuerzos del gobierno de Sheinbaum para enfrentar los principales desaf\u00edos en materia de seguridad, durante un contexto en que diversas instituciones del Estado han sido blanco de actos delictivos y amenazas.<\/p>\n\n\n\n<p>Sin embargo, diversos analistas en materia de seguridad se\u00f1alaron que si bien la medida puede fortalecer la protecci\u00f3n de infraestructura cr\u00edtica, tambi\u00e9n plantea retos en t\u00e9rminos de capacitaci\u00f3n, control y transparencia.<\/p>\n","protected":false},"excerpt":{"rendered":"<p>La reforma a la Ley Federal de Armas de Fuego y Explosivos ya fue aprobada por la C\u00e1mara de Diputados y recientemente por la C\u00e1mara de Senadores y busca escalar a nivel federal para permitir que funcionarios de la Comisi\u00f3n Federal de Electricidad (CFE), Petr\u00f3leos Mexicanos (Pemex), el Servicio de Administraci\u00f3n Tributaria (SAT), Casa de [&hellip;]<\/p>\n","protected":false},"author":4,"featured_media":61892,"comment_status":"open","ping_status":"open","sticky":false,"template":"","format":"standard","meta":{"om_disable_all_campaigns":false,"_monsterinsights_skip_tracking":false,"_monsterinsights_sitenote_active":false,"_monsterinsights_sitenote_note":"","_monsterinsights_sitenote_category":0,"footnotes":""},"categories":[175,176,5],"tags":[128,223],"class_list":["post-61891","post","type-post","status-publish","format-standard","has-post-thumbnail","hentry","category-local","category-nacional","category-politica","tag-politics","tag-puebla"],"amp_enabled":true,"_links":{"self":[{"href":"https:\/\/lahora.mx\/index.php\/wp-json\/wp\/v2\/posts\/61891","targetHints":{"allow":["GET"]}}],"collection":[{"href":"https:\/\/lahora.mx\/index.php\/wp-json\/wp\/v2\/posts"}],"about":[{"href":"https:\/\/lahora.mx\/index.php\/wp-json\/wp\/v2\/types\/post"}],"author":[{"embeddable":true,"href":"https:\/\/lahora.mx\/index.php\/wp-json\/wp\/v2\/users\/4"}],"replies":[{"embeddable":true,"href":"https:\/\/lahora.mx\/index.php\/wp-json\/wp\/v2\/comments?post=61891"}],"version-history":[{"count":1,"href":"https:\/\/lahora.mx\/index.php\/wp-json\/wp\/v2\/posts\/61891\/revisions"}],"predecessor-version":[{"id":61893,"href":"https:\/\/lahora.mx\/index.php\/wp-json\/wp\/v2\/posts\/61891\/revisions\/61893"}],"wp:featuredmedia":[{"embeddable":true,"href":"https:\/\/lahora.mx\/index.php\/wp-json\/wp\/v2\/media\/61892"}],"wp:attachment":[{"href":"https:\/\/lahora.mx\/index.php\/wp-json\/wp\/v2\/media?parent=61891"}],"wp:term":[{"taxonomy":"category","embeddable":true,"href":"https:\/\/lahora.mx\/index.php\/wp-json\/wp\/v2\/categories?post=61891"},{"taxonomy":"post_tag","embeddable":true,"href":"https:\/\/lahora.mx\/index.php\/wp-json\/wp\/v2\/tags?post=61891"}],"curies":[{"name":"wp","href":"https:\/\/api.w.org\/{rel}","templated":true}]}}