{"id":61744,"date":"2025-04-17T00:04:14","date_gmt":"2025-04-17T00:04:14","guid":{"rendered":"https:\/\/lahora.mx\/?p=61744"},"modified":"2025-05-01T00:13:04","modified_gmt":"2025-05-01T00:13:04","slug":"levanta-paro-facultad-de-derecho-de-la-buap-tras-50-dias-de-inactividad","status":"publish","type":"post","link":"https:\/\/lahora.mx\/index.php\/2025\/04\/17\/levanta-paro-facultad-de-derecho-de-la-buap-tras-50-dias-de-inactividad\/","title":{"rendered":"Levanta paro Facultad de Derecho de la BUAP tras 50 d\u00edas de inactividad"},"content":{"rendered":"\n<p>Luego de 50 d\u00edas de inactividad, la Facultad de Derecho y Ciencias Sociales de la Benem\u00e9rita Universidad Aut\u00f3noma de Puebla (BUAP) decidieron levantar el paro estudiantil que iniciaron el pasado 26 de febrero como parte del acto solidario que tuvieron con sus compa\u00f1eros de la Facultad de Medicina tras el asesinato de un alumno de la instituci\u00f3n y dos m\u00e1s pertenecientes a la Universidad Popular Aut\u00f3noma del Estado de Puebla (UPAEP).<\/p>\n\n\n\n<p>Mediante un comunicado dieron a conocer que fue este jueves cuando los alumnos llegaron a un acuerdo con los directivos de la facultad para hacer la entrega-recepci\u00f3n de las instalaciones.<\/p>\n\n\n\n<p>\u201cSe les informa que, despu\u00e9s de 50 d\u00edas en paro, hoy, jueves 16 de abril de 2020 a las 17:00 horas, se lleg\u00f3 a un acuerdo entre los estudiantes y la administraci\u00f3n de la facultad\u201d, indicaron.<br>Decretar\u00e1 Barbosa prohibici\u00f3n de venta y consumo de bebidas alcoh\u00f3licas en Puebla<br>\u201cPuebla tiene que ser una sociedad m\u00e1s r\u00edgida en su comportamiento\u201d, se\u00f1ala el gobernador<br>Alumnos adelantaron que el director de la Facultad de Derecho, Luis Ochoa Bilbao, se comprometi\u00f3 a cumplir y dar seguimiento a las demandas que enlistaron en el pliego petitorio, los cuales los ejecutar\u00e1 junto con la coordinaci\u00f3n de Isela \u00c1valos M\u00e9ndez, abogada general de la BUAP.<\/p>\n\n\n\n<p>En el documento aseguraron que pr\u00f3ximamente dar\u00e1n a conocer los acuerdos alcanzados y el cumplimento de estos.<\/p>\n\n\n\n<p>\u201cPor este motivo se hizo la entrega-recepci\u00f3n de las instalaciones y haremos de su conocimiento los acuerdos alcanzados para dar cumplimiento al pliego petitorio\u201d, se\u00f1alaron.<\/p>\n","protected":false},"excerpt":{"rendered":"<p>Luego de 50 d\u00edas de inactividad, la Facultad de Derecho y Ciencias Sociales de la Benem\u00e9rita Universidad Aut\u00f3noma de Puebla (BUAP) decidieron levantar el paro estudiantil que iniciaron el pasado 26 de febrero como parte del acto solidario que tuvieron con sus compa\u00f1eros de la Facultad de Medicina tras el asesinato de un alumno de [&hellip;]<\/p>\n","protected":false},"author":4,"featured_media":61745,"comment_status":"open","ping_status":"open","sticky":false,"template":"","format":"standard","meta":{"om_disable_all_campaigns":false,"_monsterinsights_skip_tracking":false,"_monsterinsights_sitenote_active":false,"_monsterinsights_sitenote_note":"","_monsterinsights_sitenote_category":0,"footnotes":""},"categories":[175],"tags":[186,223],"class_list":["post-61744","post","type-post","status-publish","format-standard","has-post-thumbnail","hentry","category-local","tag-buap","tag-puebla"],"amp_enabled":true,"_links":{"self":[{"href":"https:\/\/lahora.mx\/index.php\/wp-json\/wp\/v2\/posts\/61744","targetHints":{"allow":["GET"]}}],"collection":[{"href":"https:\/\/lahora.mx\/index.php\/wp-json\/wp\/v2\/posts"}],"about":[{"href":"https:\/\/lahora.mx\/index.php\/wp-json\/wp\/v2\/types\/post"}],"author":[{"embeddable":true,"href":"https:\/\/lahora.mx\/index.php\/wp-json\/wp\/v2\/users\/4"}],"replies":[{"embeddable":true,"href":"https:\/\/lahora.mx\/index.php\/wp-json\/wp\/v2\/comments?post=61744"}],"version-history":[{"count":1,"href":"https:\/\/lahora.mx\/index.php\/wp-json\/wp\/v2\/posts\/61744\/revisions"}],"predecessor-version":[{"id":61746,"href":"https:\/\/lahora.mx\/index.php\/wp-json\/wp\/v2\/posts\/61744\/revisions\/61746"}],"wp:featuredmedia":[{"embeddable":true,"href":"https:\/\/lahora.mx\/index.php\/wp-json\/wp\/v2\/media\/61745"}],"wp:attachment":[{"href":"https:\/\/lahora.mx\/index.php\/wp-json\/wp\/v2\/media?parent=61744"}],"wp:term":[{"taxonomy":"category","embeddable":true,"href":"https:\/\/lahora.mx\/index.php\/wp-json\/wp\/v2\/categories?post=61744"},{"taxonomy":"post_tag","embeddable":true,"href":"https:\/\/lahora.mx\/index.php\/wp-json\/wp\/v2\/tags?post=61744"}],"curies":[{"name":"wp","href":"https:\/\/api.w.org\/{rel}","templated":true}]}}