{"id":617,"date":"2021-12-10T07:14:48","date_gmt":"2021-12-10T07:14:48","guid":{"rendered":"http:\/\/lahora.mx\/?p=617"},"modified":"2021-12-10T07:14:48","modified_gmt":"2021-12-10T07:14:48","slug":"fallece-la-actriz-carmen-salinas-a-sus-82-anos-de-edad","status":"publish","type":"post","link":"https:\/\/lahora.mx\/index.php\/2021\/12\/10\/fallece-la-actriz-carmen-salinas-a-sus-82-anos-de-edad\/","title":{"rendered":"Fallece la actriz Carmen Salinas a sus 82 a\u00f1os de edad"},"content":{"rendered":"<p>La primera actriz Carmen Salinas, falleci\u00f3 este jueves 09 de diciembre, despu\u00e9s de permanecer hospitalizada por semanas tras haber sufrido un derrame cerebral\u2026<\/p>\n<p>La actriz y pol\u00edtica falleci\u00f3 a sus 82 a\u00f1os de edad, por lo que el mundo del espect\u00e1culo se viste de luto tras la muerte de un \u00edcono de la far\u00e1ndula y las telenovelas en M\u00e9xico\u2026<\/p>\n<p>Tras a\u00f1os de trayectoria, Carmen salinas supo ganarse el coraz\u00f3n de mucha gente luego de participar en alrededor de 20 telenovelas y m\u00e1s de 100 pel\u00edculas, por lo que el p\u00fablico no ha dudado en externar sus condolencias, asimismo, la familia agradeci\u00f3 las muestras de apoyo y el respeto que ha mostrado la gente ante el fallecimiento de la actriz.<\/p>\n","protected":false},"excerpt":{"rendered":"<p>La primera actriz Carmen Salinas, falleci\u00f3 este jueves 09 de diciembre, despu\u00e9s de permanecer hospitalizada por semanas tras haber sufrido un derrame cerebral\u2026 La actriz y pol\u00edtica falleci\u00f3 a sus 82 a\u00f1os de edad, por lo que el mundo del espect\u00e1culo se viste de luto tras la muerte de un \u00edcono de la far\u00e1ndula y [&hellip;]<\/p>\n","protected":false},"author":3,"featured_media":619,"comment_status":"open","ping_status":"open","sticky":false,"template":"","format":"standard","meta":{"om_disable_all_campaigns":false,"_monsterinsights_skip_tracking":false,"_monsterinsights_sitenote_active":false,"_monsterinsights_sitenote_note":"","_monsterinsights_sitenote_category":0,"footnotes":""},"categories":[3],"tags":[202,203],"class_list":["post-617","post","type-post","status-publish","format-standard","has-post-thumbnail","hentry","category-entretenimiento","tag-carmen","tag-salinas"],"amp_enabled":true,"_links":{"self":[{"href":"https:\/\/lahora.mx\/index.php\/wp-json\/wp\/v2\/posts\/617","targetHints":{"allow":["GET"]}}],"collection":[{"href":"https:\/\/lahora.mx\/index.php\/wp-json\/wp\/v2\/posts"}],"about":[{"href":"https:\/\/lahora.mx\/index.php\/wp-json\/wp\/v2\/types\/post"}],"author":[{"embeddable":true,"href":"https:\/\/lahora.mx\/index.php\/wp-json\/wp\/v2\/users\/3"}],"replies":[{"embeddable":true,"href":"https:\/\/lahora.mx\/index.php\/wp-json\/wp\/v2\/comments?post=617"}],"version-history":[{"count":1,"href":"https:\/\/lahora.mx\/index.php\/wp-json\/wp\/v2\/posts\/617\/revisions"}],"predecessor-version":[{"id":620,"href":"https:\/\/lahora.mx\/index.php\/wp-json\/wp\/v2\/posts\/617\/revisions\/620"}],"wp:featuredmedia":[{"embeddable":true,"href":"https:\/\/lahora.mx\/index.php\/wp-json\/wp\/v2\/media\/619"}],"wp:attachment":[{"href":"https:\/\/lahora.mx\/index.php\/wp-json\/wp\/v2\/media?parent=617"}],"wp:term":[{"taxonomy":"category","embeddable":true,"href":"https:\/\/lahora.mx\/index.php\/wp-json\/wp\/v2\/categories?post=617"},{"taxonomy":"post_tag","embeddable":true,"href":"https:\/\/lahora.mx\/index.php\/wp-json\/wp\/v2\/tags?post=617"}],"curies":[{"name":"wp","href":"https:\/\/api.w.org\/{rel}","templated":true}]}}