{"id":61650,"date":"2025-04-29T18:42:55","date_gmt":"2025-04-29T18:42:55","guid":{"rendered":"https:\/\/lahora.mx\/?p=61650"},"modified":"2025-04-29T18:49:11","modified_gmt":"2025-04-29T18:49:11","slug":"rafael-chiquis-garcia-asume-direccion-deportiva-del-club-puebla","status":"publish","type":"post","link":"https:\/\/lahora.mx\/index.php\/2025\/04\/29\/rafael-chiquis-garcia-asume-direccion-deportiva-del-club-puebla\/","title":{"rendered":"Rafael Chiquis Garc\u00eda asume direcci\u00f3n deportiva del Club Puebla"},"content":{"rendered":"\n<p>Rafael \u201cChiquis\u201d Garc\u00eda Torres se incorpora como nuevo Director Deportivo del Club Puebla, seg\u00fan inform\u00f3 la directiva este martes 29 de abril.<\/p>\n\n\n\n<p>El exfutbolista y entrenador trabajar\u00e1 junto al t\u00e9cnico Pablo Guede con el prop\u00f3sito de revertir la crisis deportiva del equipo, que cerr\u00f3 el Clausura 2024 en los \u00faltimos lugares de la tabla porcentual.<\/p>\n\n\n\n<p>Con una trayectoria de 15 a\u00f1os como jugador profesional en equipos como Pumas, Toluca y Cruz Azul, Garc\u00eda tambi\u00e9n integr\u00f3 la Selecci\u00f3n Mexicana. Tras su retiro, acumul\u00f3 experiencia como auxiliar t\u00e9cnico de Ricardo La Volpe en clubes como Atlas, Jaguares y Am\u00e9rica, y dirigi\u00f3 a los Dorados de Sinaloa entre 2021 y 2024 en la Liga de Expansi\u00f3n MX.<br><br>La llegada de Garc\u00eda responde al bajo rendimiento de \u201cLa Franja\u201d bajo la gesti\u00f3n de Luis \u00c1ngel Catalina. Durante su a\u00f1o al frente, el Club Puebla firm\u00f3 su peor desempe\u00f1o reciente y finaliz\u00f3 el Clausura 2024 con una multa de 47 millones de pesos por su ubicaci\u00f3n en la tabla de cocientes. La directiva conf\u00eda en que la visi\u00f3n y experiencia de Garc\u00eda contribuir\u00e1n a una reestructura integral.<br>No es la primera vez que \u201cChiquis\u201d forma parte del club. En el Apertura 2017, asumi\u00f3 como director t\u00e9cnico del Puebla, aunque solo dirigi\u00f3 13 partidos, con un saldo de dos victorias, cinco empates y seis derrotas. En esta nueva etapa, buscar\u00e1 fortalecer la cantera y mejorar el rendimiento del primer equipo.<\/p>\n\n\n\n<p>La apuesta de la instituci\u00f3n poblana es clara: reconstruir desde lo deportivo. La directiva resalt\u00f3 que el perfil de Garc\u00eda cumple con los requerimientos para impulsar una transformaci\u00f3n profunda, enfocada en la planeaci\u00f3n estrat\u00e9gica y el aprovechamiento del talento joven.<\/p>\n\n\n\n<p>Fuentes cercanas al club indicaron que el exmediocampista ya sostiene reuniones con el cuerpo t\u00e9cnico para definir el plantel del Apertura 2025. La intenci\u00f3n es arrancar la pretemporada con una estructura clara, con objetivos definidos desde la directiva hasta la plantilla.<br>Con esta decisi\u00f3n, el Club Puebla busca retomar protagonismo en la Liga MX.<\/p>\n\n\n\n<p><\/p>\n","protected":false},"excerpt":{"rendered":"<p>Rafael \u201cChiquis\u201d Garc\u00eda Torres se incorpora como nuevo Director Deportivo del Club Puebla, seg\u00fan inform\u00f3 la directiva este martes 29 de abril. El exfutbolista y entrenador trabajar\u00e1 junto al t\u00e9cnico Pablo Guede con el prop\u00f3sito de revertir la crisis deportiva del equipo, que cerr\u00f3 el Clausura 2024 en los \u00faltimos lugares de la tabla porcentual. [&hellip;]<\/p>\n","protected":false},"author":4,"featured_media":61651,"comment_status":"open","ping_status":"open","sticky":false,"template":"","format":"standard","meta":{"om_disable_all_campaigns":false,"_monsterinsights_skip_tracking":false,"_monsterinsights_sitenote_active":false,"_monsterinsights_sitenote_note":"","_monsterinsights_sitenote_category":0,"footnotes":""},"categories":[6],"tags":[223],"class_list":["post-61650","post","type-post","status-publish","format-standard","has-post-thumbnail","hentry","category-sports","tag-puebla"],"amp_enabled":true,"_links":{"self":[{"href":"https:\/\/lahora.mx\/index.php\/wp-json\/wp\/v2\/posts\/61650","targetHints":{"allow":["GET"]}}],"collection":[{"href":"https:\/\/lahora.mx\/index.php\/wp-json\/wp\/v2\/posts"}],"about":[{"href":"https:\/\/lahora.mx\/index.php\/wp-json\/wp\/v2\/types\/post"}],"author":[{"embeddable":true,"href":"https:\/\/lahora.mx\/index.php\/wp-json\/wp\/v2\/users\/4"}],"replies":[{"embeddable":true,"href":"https:\/\/lahora.mx\/index.php\/wp-json\/wp\/v2\/comments?post=61650"}],"version-history":[{"count":2,"href":"https:\/\/lahora.mx\/index.php\/wp-json\/wp\/v2\/posts\/61650\/revisions"}],"predecessor-version":[{"id":61654,"href":"https:\/\/lahora.mx\/index.php\/wp-json\/wp\/v2\/posts\/61650\/revisions\/61654"}],"wp:featuredmedia":[{"embeddable":true,"href":"https:\/\/lahora.mx\/index.php\/wp-json\/wp\/v2\/media\/61651"}],"wp:attachment":[{"href":"https:\/\/lahora.mx\/index.php\/wp-json\/wp\/v2\/media?parent=61650"}],"wp:term":[{"taxonomy":"category","embeddable":true,"href":"https:\/\/lahora.mx\/index.php\/wp-json\/wp\/v2\/categories?post=61650"},{"taxonomy":"post_tag","embeddable":true,"href":"https:\/\/lahora.mx\/index.php\/wp-json\/wp\/v2\/tags?post=61650"}],"curies":[{"name":"wp","href":"https:\/\/api.w.org\/{rel}","templated":true}]}}