{"id":61623,"date":"2025-04-28T01:25:57","date_gmt":"2025-04-28T01:25:57","guid":{"rendered":"https:\/\/lahora.mx\/?p=61623"},"modified":"2025-04-29T01:45:34","modified_gmt":"2025-04-29T01:45:34","slug":"gobierno-de-la-ciudad-imparte-conferencias-para-promover-relaciones-sanas","status":"publish","type":"post","link":"https:\/\/lahora.mx\/index.php\/2025\/04\/28\/gobierno-de-la-ciudad-imparte-conferencias-para-promover-relaciones-sanas\/","title":{"rendered":"Gobierno de la Ciudad imparte conferencias para promover relaciones sanas"},"content":{"rendered":"\n<p>Con el prop\u00f3sito de reafirmar su&nbsp;<strong>compromiso con la formaci\u00f3n integral<\/strong>&nbsp;y el&nbsp;<strong>bienestar emocional<\/strong>&nbsp;de las juventudes, el&nbsp;<strong>Gobierno de la Ciudad<\/strong>, a trav\u00e9s del Instituto de la Juventud del Municipio de Puebla (<strong>IJMP<\/strong>), llev\u00f3 a cabo un&nbsp;<strong>ciclo de conferencias<\/strong>&nbsp;enfocadas en la&nbsp;<strong>violencia en las relaciones<\/strong>&nbsp;y el&nbsp;<strong>noviazgo<\/strong>.<\/p>\n\n\n\n<p>Estas charlas fueron impartidas a m\u00e1s de\u00a0<strong>500 alumnos<\/strong>\u00a0de diversas\u00a0<strong>instituciones educativas<\/strong>\u00a0de la\u00a0<strong>capital<\/strong>\u00a0<strong>poblana<\/strong>, con el objetivo de concientizar a los\u00a0<strong>j\u00f3venes<\/strong>\u00a0sobre la importancia de establecer\u00a0<strong>relaciones de pareja<\/strong>\u00a0basadas en el\u00a0<strong>respeto<\/strong>, la igualdad y el\u00a0<strong>bienestar mutuo.<\/strong><br><br>Asimismo, que identifiquen se\u00f1ales de violencia, comprendan que ning\u00fan tipo de maltrato debe normalizarse y que conozcan las consecuencias legales y sociales de ejercer o permitir violencia en una relaci\u00f3n.<br><br>De la misma manera, el&nbsp;<strong>IJMP<\/strong>&nbsp;que dirige&nbsp;<strong>Carolina Cabrera Victoria<\/strong>&nbsp;present\u00f3 el&nbsp;<strong>Violent\u00f3metro<\/strong>, herramienta dise\u00f1ada para evidenciar las&nbsp;<strong>distintas formas de violencia<\/strong>, y explicaron a los asistentes c\u00f3mo utilizarlo para identificar&nbsp;<strong>situaciones de violencia<\/strong>&nbsp;que a menudo se justifican o no se reconocen.<\/p>\n\n\n\n<p>Con este ciclo de&nbsp;<strong>conferencias<\/strong>, se busca que las nuevas generaciones tengan acceso a&nbsp;<strong>herramientas<\/strong>&nbsp;que les permitan identificar y&nbsp;<strong>prevenir la violencia<\/strong>, adem\u00e1s de generar entornos m\u00e1s seguros y conscientes.&nbsp;<\/p>\n","protected":false},"excerpt":{"rendered":"<p>Con el prop\u00f3sito de reafirmar su&nbsp;compromiso con la formaci\u00f3n integral&nbsp;y el&nbsp;bienestar emocional&nbsp;de las juventudes, el&nbsp;Gobierno de la Ciudad, a trav\u00e9s del Instituto de la Juventud del Municipio de Puebla (IJMP), llev\u00f3 a cabo un&nbsp;ciclo de conferencias&nbsp;enfocadas en la&nbsp;violencia en las relaciones&nbsp;y el&nbsp;noviazgo. Estas charlas fueron impartidas a m\u00e1s de\u00a0500 alumnos\u00a0de diversas\u00a0instituciones educativas\u00a0de la\u00a0capital\u00a0poblana, con el [&hellip;]<\/p>\n","protected":false},"author":4,"featured_media":61624,"comment_status":"open","ping_status":"open","sticky":false,"template":"","format":"standard","meta":{"om_disable_all_campaigns":false,"_monsterinsights_skip_tracking":false,"_monsterinsights_sitenote_active":false,"_monsterinsights_sitenote_note":"","_monsterinsights_sitenote_category":0,"footnotes":""},"categories":[175],"tags":[239,223],"class_list":["post-61623","post","type-post","status-publish","format-standard","has-post-thumbnail","hentry","category-local","tag-gobierno","tag-puebla"],"amp_enabled":true,"_links":{"self":[{"href":"https:\/\/lahora.mx\/index.php\/wp-json\/wp\/v2\/posts\/61623","targetHints":{"allow":["GET"]}}],"collection":[{"href":"https:\/\/lahora.mx\/index.php\/wp-json\/wp\/v2\/posts"}],"about":[{"href":"https:\/\/lahora.mx\/index.php\/wp-json\/wp\/v2\/types\/post"}],"author":[{"embeddable":true,"href":"https:\/\/lahora.mx\/index.php\/wp-json\/wp\/v2\/users\/4"}],"replies":[{"embeddable":true,"href":"https:\/\/lahora.mx\/index.php\/wp-json\/wp\/v2\/comments?post=61623"}],"version-history":[{"count":1,"href":"https:\/\/lahora.mx\/index.php\/wp-json\/wp\/v2\/posts\/61623\/revisions"}],"predecessor-version":[{"id":61625,"href":"https:\/\/lahora.mx\/index.php\/wp-json\/wp\/v2\/posts\/61623\/revisions\/61625"}],"wp:featuredmedia":[{"embeddable":true,"href":"https:\/\/lahora.mx\/index.php\/wp-json\/wp\/v2\/media\/61624"}],"wp:attachment":[{"href":"https:\/\/lahora.mx\/index.php\/wp-json\/wp\/v2\/media?parent=61623"}],"wp:term":[{"taxonomy":"category","embeddable":true,"href":"https:\/\/lahora.mx\/index.php\/wp-json\/wp\/v2\/categories?post=61623"},{"taxonomy":"post_tag","embeddable":true,"href":"https:\/\/lahora.mx\/index.php\/wp-json\/wp\/v2\/tags?post=61623"}],"curies":[{"name":"wp","href":"https:\/\/api.w.org\/{rel}","templated":true}]}}