{"id":61606,"date":"2025-04-28T18:50:59","date_gmt":"2025-04-28T18:50:59","guid":{"rendered":"https:\/\/lahora.mx\/?p=61606"},"modified":"2025-04-28T18:50:59","modified_gmt":"2025-04-28T18:50:59","slug":"apagon-masivo-en-peninsula-iberica","status":"publish","type":"post","link":"https:\/\/lahora.mx\/index.php\/2025\/04\/28\/apagon-masivo-en-peninsula-iberica\/","title":{"rendered":"Apag\u00f3n masivo en pen\u00ednsula Ib\u00e9rica"},"content":{"rendered":"\n<p>Un apag\u00f3n masivo sacudi\u00f3 distintas regiones de los pa\u00edses que componen la Pen\u00ednsula Ib\u00e9rica este lunes; afect\u00f3 el tr\u00e1nsito ferroviario en Espa\u00f1a, el suministro el\u00e9ctrico en Portugal y localidades al sur de Francia.<\/p>\n\n\n\n<p>El colapso del sistema el\u00e9ctrico ocurri\u00f3 a las 12:32 horas \u2014horario local espa\u00f1ol; autoridades se\u00f1alaron que la reposici\u00f3n del suministro total podr\u00eda tardar hasta 10 horas.<\/p>\n\n\n\n<p>De acuerdo con la empresa espa\u00f1ola encargada promover el servicio, Red El\u00e9ctrica, el motivo del apag\u00f3n ocurri\u00f3 por un cero energ\u00e9tico que sufri\u00f3 el sistema el\u00e9ctrico, debido al colapso en la distribuci\u00f3n de energ\u00eda en la Pen\u00ednsula Ib\u00e9rica.<br>\u201cEl sistema el\u00e9ctrico peninsular ha sufrido esta ma\u00f1ana un cero energ\u00e9tico en la Espa\u00f1a peninsular y Portugal\u201d indic\u00f3 la empresa en un comunicado a trav\u00e9s redes sociales.<\/p>\n\n\n\n<p>Tambi\u00e9n indicaron que tanto Red El\u00e9ctrica y las empresas del sector ya est\u00e1n implementando acciones para la recuperaci\u00f3n de la tensi\u00f3n en el sistema el\u00e9ctrico peninsular y reponer el suministro en todos los territorios lo antes posible.<\/p>\n\n\n\n<p>\u201cHemos activado los procedimientos previstos para la reposici\u00f3n del suministro; en esta fase de los trabajos, el objetivo es aportar tensi\u00f3n a los grupos de generaci\u00f3n para que arranquen y puedan propagar la tensi\u00f3n a la red y resto de grupos\u201d agreg\u00f3.<\/p>\n\n\n\n<p>Entre los avances que consigui\u00f3 el sector el\u00e9ctrico espa\u00f1ol horas despu\u00e9s del apag\u00f3n masivo en la Pen\u00ednsula Ib\u00e9rica fueron la recuperaci\u00f3n de la tensi\u00f3n en distintas zonas del norte, sur y oeste peninsular.<br>\u201cYa hay suministro el\u00e9ctrico en \u00e1reas de Catalu\u00f1a, Arag\u00f3n, Pa\u00eds Vasco, Galicia, Asturias, Navarra, Castilla y Le\u00f3n, Extremadura y Andaluc\u00eda\u201d comunic\u00f3 Red El\u00e9ctrica en redes sociales.<\/p>\n\n\n\n<p>La reposici\u00f3n toral del suministro el\u00e9ctrico en la Pen\u00ednsula Ib\u00e9rica es lento y paulatino<br>De acuerdo con Eduardo Prieto, director de Servicios a la Operaci\u00f3n, indic\u00f3 en conferencia de prensa que el apag\u00f3n masivo no hab\u00eda ocurrido \u00abantes en la historia de Red El\u00e9ctrica\u201d por lo que jam\u00e1s se hab\u00eda producido una situaci\u00f3n similar en el sistema el\u00e9ctrico peninsular espa\u00f1ol.<\/p>\n\n\n\n<p>Pese a que algunas zonas ya tuvieron reposici\u00f3n del sistema el\u00e9ctrico de manera parcial, la reposici\u00f3n completa del sistema se prev\u00e9 lenta y minuciosa; el director de Servicios a la Operaci\u00f3n adelant\u00f3 que la restauraci\u00f3n total podr\u00eda tardar entre seis a diez horas.<br><br>\u201cSi todo evoluciona de forma favorable y no surgen nuevos problemas durante las maniobras de reposici\u00f3n, podr\u00edamos tardar&nbsp;<strong>entre seis y diez horas en restaurar el suministro<\/strong>&nbsp;al \u00faltimo consumidor afectado\u201d agreg\u00f3.<\/p>\n\n\n\n<p>Sin embargo\u00a0<strong>Red El\u00e9ctrica<\/strong>\u00a0asegur\u00f3 que por medio de sus redes sociales estar\u00e1 informando sobre el avance de la reposici\u00f3n en la<strong>\u00a0Pen\u00ednsula Ib\u00e9rica<\/strong>\u00a0a medida que se vayan consolidando los progresos. <\/p>\n","protected":false},"excerpt":{"rendered":"<p>Un apag\u00f3n masivo sacudi\u00f3 distintas regiones de los pa\u00edses que componen la Pen\u00ednsula Ib\u00e9rica este lunes; afect\u00f3 el tr\u00e1nsito ferroviario en Espa\u00f1a, el suministro el\u00e9ctrico en Portugal y localidades al sur de Francia. El colapso del sistema el\u00e9ctrico ocurri\u00f3 a las 12:32 horas \u2014horario local espa\u00f1ol; autoridades se\u00f1alaron que la reposici\u00f3n del suministro total podr\u00eda [&hellip;]<\/p>\n","protected":false},"author":4,"featured_media":61607,"comment_status":"open","ping_status":"open","sticky":false,"template":"","format":"standard","meta":{"om_disable_all_campaigns":false,"_monsterinsights_skip_tracking":false,"_monsterinsights_sitenote_active":false,"_monsterinsights_sitenote_note":"","_monsterinsights_sitenote_category":0,"footnotes":""},"categories":[183],"tags":[223],"class_list":["post-61606","post","type-post","status-publish","format-standard","has-post-thumbnail","hentry","category-internacional","tag-puebla"],"amp_enabled":true,"_links":{"self":[{"href":"https:\/\/lahora.mx\/index.php\/wp-json\/wp\/v2\/posts\/61606","targetHints":{"allow":["GET"]}}],"collection":[{"href":"https:\/\/lahora.mx\/index.php\/wp-json\/wp\/v2\/posts"}],"about":[{"href":"https:\/\/lahora.mx\/index.php\/wp-json\/wp\/v2\/types\/post"}],"author":[{"embeddable":true,"href":"https:\/\/lahora.mx\/index.php\/wp-json\/wp\/v2\/users\/4"}],"replies":[{"embeddable":true,"href":"https:\/\/lahora.mx\/index.php\/wp-json\/wp\/v2\/comments?post=61606"}],"version-history":[{"count":1,"href":"https:\/\/lahora.mx\/index.php\/wp-json\/wp\/v2\/posts\/61606\/revisions"}],"predecessor-version":[{"id":61608,"href":"https:\/\/lahora.mx\/index.php\/wp-json\/wp\/v2\/posts\/61606\/revisions\/61608"}],"wp:featuredmedia":[{"embeddable":true,"href":"https:\/\/lahora.mx\/index.php\/wp-json\/wp\/v2\/media\/61607"}],"wp:attachment":[{"href":"https:\/\/lahora.mx\/index.php\/wp-json\/wp\/v2\/media?parent=61606"}],"wp:term":[{"taxonomy":"category","embeddable":true,"href":"https:\/\/lahora.mx\/index.php\/wp-json\/wp\/v2\/categories?post=61606"},{"taxonomy":"post_tag","embeddable":true,"href":"https:\/\/lahora.mx\/index.php\/wp-json\/wp\/v2\/tags?post=61606"}],"curies":[{"name":"wp","href":"https:\/\/api.w.org\/{rel}","templated":true}]}}