{"id":61597,"date":"2025-04-28T15:55:48","date_gmt":"2025-04-28T15:55:48","guid":{"rendered":"https:\/\/lahora.mx\/?p=61597"},"modified":"2025-04-28T15:55:48","modified_gmt":"2025-04-28T15:55:48","slug":"conclave-para-elegir-al-nuevo-papa-iniciara-el-7-de-mayo","status":"publish","type":"post","link":"https:\/\/lahora.mx\/index.php\/2025\/04\/28\/conclave-para-elegir-al-nuevo-papa-iniciara-el-7-de-mayo\/","title":{"rendered":"C\u00f3nclave para elegir al nuevo Papa iniciar\u00e1 el 7 de mayo"},"content":{"rendered":"\n<p>Ya existe fecha para elegir al sucesor del papa Francisco, por lo que ser\u00e1 el pr\u00f3ximo mi\u00e9rcoles siete de mayo cuando se comience a reunir el c\u00f3nclave.<\/p>\n\n\n\n<p>Lee Alerta Profeco sobre eventos falsos y venta de boletos en redes sociales<br>Lo anterior fue establecido este lunes 28 de abril por parte de los cardenales de la Iglesia cat\u00f3lica en medio de la expectativa que despierta la elecci\u00f3n del nuevo l\u00edder espiritual de 1.400 millones de fieles.<\/p>\n\n\n\n<p>Lee \u00a1Se acabaron las vacaciones!, pero los estudiantes tendr\u00e1n m\u00e1s d\u00edas sin clases<br>Es as\u00ed que el c\u00f3nclave para elegir al 267\u00ba sucesor de Pedro comenzar\u00e1 el mi\u00e9rcoles 7 de mayo, decisi\u00f3n tomada por los cardenales en la V Congregaci\u00f3n General este lunes 28 de abril por la ma\u00f1ana.<\/p>\n\n\n\n<p>Los cardenales presentes en Roma tomaron la decisi\u00f3n el lunes en su quinta Congregaci\u00f3n General.<\/p>\n\n\n\n<p>El c\u00f3nclave tendr\u00e1 lugar en la Capilla Sixtina del Vaticano, que permanecer\u00e1 cerrada al p\u00fablico durante esos d\u00edas.<\/p>\n\n\n\n<p>La primera votaci\u00f3n ser\u00e1 por la tarde tras la misa \u201cpro eligendo pontifice\u201d, confirm\u00f3 el portavoz vaticano, Matteo Bruni.<\/p>\n","protected":false},"excerpt":{"rendered":"<p>Ya existe fecha para elegir al sucesor del papa Francisco, por lo que ser\u00e1 el pr\u00f3ximo mi\u00e9rcoles siete de mayo cuando se comience a reunir el c\u00f3nclave. Lee Alerta Profeco sobre eventos falsos y venta de boletos en redes socialesLo anterior fue establecido este lunes 28 de abril por parte de los cardenales de la [&hellip;]<\/p>\n","protected":false},"author":4,"featured_media":61598,"comment_status":"open","ping_status":"open","sticky":false,"template":"","format":"standard","meta":{"om_disable_all_campaigns":false,"_monsterinsights_skip_tracking":false,"_monsterinsights_sitenote_active":false,"_monsterinsights_sitenote_note":"","_monsterinsights_sitenote_category":0,"footnotes":""},"categories":[183,175,176],"tags":[223],"class_list":["post-61597","post","type-post","status-publish","format-standard","has-post-thumbnail","hentry","category-internacional","category-local","category-nacional","tag-puebla"],"amp_enabled":true,"_links":{"self":[{"href":"https:\/\/lahora.mx\/index.php\/wp-json\/wp\/v2\/posts\/61597","targetHints":{"allow":["GET"]}}],"collection":[{"href":"https:\/\/lahora.mx\/index.php\/wp-json\/wp\/v2\/posts"}],"about":[{"href":"https:\/\/lahora.mx\/index.php\/wp-json\/wp\/v2\/types\/post"}],"author":[{"embeddable":true,"href":"https:\/\/lahora.mx\/index.php\/wp-json\/wp\/v2\/users\/4"}],"replies":[{"embeddable":true,"href":"https:\/\/lahora.mx\/index.php\/wp-json\/wp\/v2\/comments?post=61597"}],"version-history":[{"count":1,"href":"https:\/\/lahora.mx\/index.php\/wp-json\/wp\/v2\/posts\/61597\/revisions"}],"predecessor-version":[{"id":61599,"href":"https:\/\/lahora.mx\/index.php\/wp-json\/wp\/v2\/posts\/61597\/revisions\/61599"}],"wp:featuredmedia":[{"embeddable":true,"href":"https:\/\/lahora.mx\/index.php\/wp-json\/wp\/v2\/media\/61598"}],"wp:attachment":[{"href":"https:\/\/lahora.mx\/index.php\/wp-json\/wp\/v2\/media?parent=61597"}],"wp:term":[{"taxonomy":"category","embeddable":true,"href":"https:\/\/lahora.mx\/index.php\/wp-json\/wp\/v2\/categories?post=61597"},{"taxonomy":"post_tag","embeddable":true,"href":"https:\/\/lahora.mx\/index.php\/wp-json\/wp\/v2\/tags?post=61597"}],"curies":[{"name":"wp","href":"https:\/\/api.w.org\/{rel}","templated":true}]}}