{"id":61585,"date":"2025-04-21T14:25:27","date_gmt":"2025-04-21T14:25:27","guid":{"rendered":"https:\/\/lahora.mx\/?p=61585"},"modified":"2025-04-28T14:26:07","modified_gmt":"2025-04-28T14:26:07","slug":"primeros-pies-de-casa-para-cuerpos-de-seguridad-se-entregaran-en-diciembre-armenta","status":"publish","type":"post","link":"https:\/\/lahora.mx\/index.php\/2025\/04\/21\/primeros-pies-de-casa-para-cuerpos-de-seguridad-se-entregaran-en-diciembre-armenta\/","title":{"rendered":"Primeros pies de casa para cuerpos de seguridad se entregar\u00e1n en diciembre: Armenta"},"content":{"rendered":"\n<p>Con la directriz de la presidenta de la Rep\u00fablica, Claudia Sheinbaum, donde la vivienda es un derecho del pueblo de M\u00e9xico, el Gobernador de Puebla, Alejandro Armenta, realiz\u00f3 un recorrido en las 6.5 hect\u00e1reas donadas por el Grupo Mobiliario Ciudad Maderas, donde se construir\u00e1n viviendas para las y los elementos de diferentes corporaciones policiales, mismas que esperan ser entregadas en un primer momento en el mes de diciembre del presente a\u00f1o.<\/p>\n\n\n\n<p>Durante la visita, el gobernador de Puebla expres\u00f3 que el proyecto es una acci\u00f3n humanista con los cuerpos de seguridad, ya que representa ser generosos con quienes ponen en riesgo su vida. El titular del ejecutivo estatal resalt\u00f3 que el espacio es ideal para la construcci\u00f3n de pies de casa ecol\u00f3gicos y sustentables para las familias de los bomberos, elementos de Protecci\u00f3n Civil, polic\u00edas y estudiantes.<\/p>\n\n\n\n<p>El mandatario expres\u00f3 su reconocimiento por la bondad del grupo mobiliario y puntualiz\u00f3 que a la par tambi\u00e9n construir\u00e1n un corredor gastron\u00f3mico y aprovechar\u00e1n el agua a trav\u00e9s del rescate de Valsequillo.<\/p>\n\n\n\n<p>Afirm\u00f3 que ser\u00e1 un modelo habitacional que pone de manifiesto el cuidado del medio ambiente. \u00abAgradecer a quienes a trav\u00e9s de Ciudad Maderas nos est\u00e1n ayudando, han sido muy generosos y de manera inmediata estamos aqu\u00ed. Estamos en buen tiempo para entregar\u00bb, puntualiz\u00f3 el gobernador.<\/p>\n\n\n\n<p>El titular del ejecutivo estatal asever\u00f3 que existe una excelente relaci\u00f3n con el sector productivo, ya que los empresarios son fundamentales para el desarrollo, porque la mejor forma de combatir la pobreza es generando riqueza. Destac\u00f3 la visi\u00f3n social de los empresarios de Ciudad Maderas, ya que se desprenden de pol\u00edgonos para ponerlos al servicio de la poblaci\u00f3n, adem\u00e1s de trabajar bajo el modelo inclusivo del desarrollo.<\/p>\n\n\n\n<p>Con un gran sentido humano y solidario, la empresa Ciudad Maderas busca hacer justicia social a los h\u00e9roes que forman parte de los cuerpos de seguridad como bomberos, guardias forestales, polic\u00edas estatales y estudiantes. En este sentido, la empresaria y representante del Grupo, Perla Mascare\u00f1o, destac\u00f3 que el terreno comprende 2 mil lotes habitacionales.<\/p>\n","protected":false},"excerpt":{"rendered":"<p>Con la directriz de la presidenta de la Rep\u00fablica, Claudia Sheinbaum, donde la vivienda es un derecho del pueblo de M\u00e9xico, el Gobernador de Puebla, Alejandro Armenta, realiz\u00f3 un recorrido en las 6.5 hect\u00e1reas donadas por el Grupo Mobiliario Ciudad Maderas, donde se construir\u00e1n viviendas para las y los elementos de diferentes corporaciones policiales, mismas [&hellip;]<\/p>\n","protected":false},"author":4,"featured_media":61586,"comment_status":"open","ping_status":"open","sticky":false,"template":"","format":"standard","meta":{"om_disable_all_campaigns":false,"_monsterinsights_skip_tracking":false,"_monsterinsights_sitenote_active":false,"_monsterinsights_sitenote_note":"","_monsterinsights_sitenote_category":0,"footnotes":""},"categories":[175],"tags":[239,223],"class_list":["post-61585","post","type-post","status-publish","format-standard","has-post-thumbnail","hentry","category-local","tag-gobierno","tag-puebla"],"amp_enabled":true,"_links":{"self":[{"href":"https:\/\/lahora.mx\/index.php\/wp-json\/wp\/v2\/posts\/61585","targetHints":{"allow":["GET"]}}],"collection":[{"href":"https:\/\/lahora.mx\/index.php\/wp-json\/wp\/v2\/posts"}],"about":[{"href":"https:\/\/lahora.mx\/index.php\/wp-json\/wp\/v2\/types\/post"}],"author":[{"embeddable":true,"href":"https:\/\/lahora.mx\/index.php\/wp-json\/wp\/v2\/users\/4"}],"replies":[{"embeddable":true,"href":"https:\/\/lahora.mx\/index.php\/wp-json\/wp\/v2\/comments?post=61585"}],"version-history":[{"count":1,"href":"https:\/\/lahora.mx\/index.php\/wp-json\/wp\/v2\/posts\/61585\/revisions"}],"predecessor-version":[{"id":61587,"href":"https:\/\/lahora.mx\/index.php\/wp-json\/wp\/v2\/posts\/61585\/revisions\/61587"}],"wp:featuredmedia":[{"embeddable":true,"href":"https:\/\/lahora.mx\/index.php\/wp-json\/wp\/v2\/media\/61586"}],"wp:attachment":[{"href":"https:\/\/lahora.mx\/index.php\/wp-json\/wp\/v2\/media?parent=61585"}],"wp:term":[{"taxonomy":"category","embeddable":true,"href":"https:\/\/lahora.mx\/index.php\/wp-json\/wp\/v2\/categories?post=61585"},{"taxonomy":"post_tag","embeddable":true,"href":"https:\/\/lahora.mx\/index.php\/wp-json\/wp\/v2\/tags?post=61585"}],"curies":[{"name":"wp","href":"https:\/\/api.w.org\/{rel}","templated":true}]}}