{"id":61523,"date":"2025-04-27T19:28:56","date_gmt":"2025-04-27T19:28:56","guid":{"rendered":"https:\/\/lahora.mx\/?p=61523"},"modified":"2025-04-27T19:28:56","modified_gmt":"2025-04-27T19:28:56","slug":"roberto-solis-intensifica-acciones-contra-tiraderos-y-descargas-ilegales-en-huejotzingo","status":"publish","type":"post","link":"https:\/\/lahora.mx\/index.php\/2025\/04\/27\/roberto-solis-intensifica-acciones-contra-tiraderos-y-descargas-ilegales-en-huejotzingo\/","title":{"rendered":"Roberto Sol\u00eds intensifica acciones contra tiraderos y descargas ilegales en Huejotzingo"},"content":{"rendered":"\n<p>El Ayuntamiento de Huejotzingo, encabezado por el presidente municipal Roberto Sol\u00eds, puso en marcha un operativo para detectar tiraderos y descargas ilegales que afectan al medio ambiente del municipio.<\/p>\n\n\n\n<p>El arranque de estas labores se realiz\u00f3 el 24 de abril, con la participaci\u00f3n de brigadas que recorrer\u00e1n distintas zonas para identificar puntos cr\u00edticos de contaminaci\u00f3n.<\/p>\n\n\n\n<p>El gobierno municipal trabaja en coordinaci\u00f3n con la Comisi\u00f3n Nacional del Agua (CONAGUA), la Secretar\u00eda de Medio Ambiente y Recursos Naturales (SEMARNAT), la Comisi\u00f3n Estatal de Agua y Saneamiento de Puebla (CEASPUE) y el Plan H\u00eddrico de Puebla.<\/p>\n\n\n\n<p>El objetivo consiste en frenar pr\u00e1cticas que contaminan los r\u00edos y da\u00f1an la salud p\u00fablica.<br><br>Durante el inicio del operativo, el alcalde hizo un llamado a los establecimientos comerciales, en especial lavander\u00edas y negocios que generan descargas residuales, para que se regularicen y gestionen sus permisos dentro del marco legal.<\/p>\n\n\n\n<p>Adem\u00e1s, recalc\u00f3 la importancia de actuar de forma transparente y abandonar pr\u00e1cticas irregulares del pasado.<\/p>\n\n\n\n<p>La administraci\u00f3n municipal reiter\u00f3 su compromiso de trabajar de manera conjunta con la ciudadan\u00eda, empresas y autoridades estatales para construir un Huejotzingo m\u00e1s limpio, justo y sustentable.<\/p>\n","protected":false},"excerpt":{"rendered":"<p>El Ayuntamiento de Huejotzingo, encabezado por el presidente municipal Roberto Sol\u00eds, puso en marcha un operativo para detectar tiraderos y descargas ilegales que afectan al medio ambiente del municipio. El arranque de estas labores se realiz\u00f3 el 24 de abril, con la participaci\u00f3n de brigadas que recorrer\u00e1n distintas zonas para identificar puntos cr\u00edticos de contaminaci\u00f3n. [&hellip;]<\/p>\n","protected":false},"author":4,"featured_media":61524,"comment_status":"open","ping_status":"open","sticky":false,"template":"","format":"standard","meta":{"om_disable_all_campaigns":false,"_monsterinsights_skip_tracking":false,"_monsterinsights_sitenote_active":false,"_monsterinsights_sitenote_note":"","_monsterinsights_sitenote_category":0,"footnotes":""},"categories":[175],"tags":[223],"class_list":["post-61523","post","type-post","status-publish","format-standard","has-post-thumbnail","hentry","category-local","tag-puebla"],"amp_enabled":true,"_links":{"self":[{"href":"https:\/\/lahora.mx\/index.php\/wp-json\/wp\/v2\/posts\/61523","targetHints":{"allow":["GET"]}}],"collection":[{"href":"https:\/\/lahora.mx\/index.php\/wp-json\/wp\/v2\/posts"}],"about":[{"href":"https:\/\/lahora.mx\/index.php\/wp-json\/wp\/v2\/types\/post"}],"author":[{"embeddable":true,"href":"https:\/\/lahora.mx\/index.php\/wp-json\/wp\/v2\/users\/4"}],"replies":[{"embeddable":true,"href":"https:\/\/lahora.mx\/index.php\/wp-json\/wp\/v2\/comments?post=61523"}],"version-history":[{"count":1,"href":"https:\/\/lahora.mx\/index.php\/wp-json\/wp\/v2\/posts\/61523\/revisions"}],"predecessor-version":[{"id":61525,"href":"https:\/\/lahora.mx\/index.php\/wp-json\/wp\/v2\/posts\/61523\/revisions\/61525"}],"wp:featuredmedia":[{"embeddable":true,"href":"https:\/\/lahora.mx\/index.php\/wp-json\/wp\/v2\/media\/61524"}],"wp:attachment":[{"href":"https:\/\/lahora.mx\/index.php\/wp-json\/wp\/v2\/media?parent=61523"}],"wp:term":[{"taxonomy":"category","embeddable":true,"href":"https:\/\/lahora.mx\/index.php\/wp-json\/wp\/v2\/categories?post=61523"},{"taxonomy":"post_tag","embeddable":true,"href":"https:\/\/lahora.mx\/index.php\/wp-json\/wp\/v2\/tags?post=61523"}],"curies":[{"name":"wp","href":"https:\/\/api.w.org\/{rel}","templated":true}]}}